{"id":13183,"date":"2022-10-29T08:25:50","date_gmt":"2022-10-29T11:25:50","guid":{"rendered":"http:\/\/dgospel.com.br\/portal\/?p=13183"},"modified":"2022-10-29T08:25:51","modified_gmt":"2022-10-29T11:25:51","slug":"clamor-brasil-reune-milhares-de-evangelicos-para-ato-profetico-pelo-brasil","status":"publish","type":"post","link":"https:\/\/dgospel.com.br\/portal\/index.php\/2022\/10\/29\/clamor-brasil-reune-milhares-de-evangelicos-para-ato-profetico-pelo-brasil\/","title":{"rendered":"Clamor Brasil re\u00fane milhares de evang\u00e9licos para ato prof\u00e9tico pelo Brasil"},"content":{"rendered":"\n<p>Na noite desta sexta-feira (28), evang\u00e9licos de diversas denomina\u00e7\u00f5es participam do&nbsp;<em>Clamor Brasil<\/em>, ato prof\u00e9tico que acontece na Pra\u00e7a dos Tr\u00eas Poderes, em Bras\u00edlia, no Distrito Federal, para orar pelo Brasil.<\/p>\n\n\n\n<p>As primeiras imagens da concentra\u00e7\u00e3o mostravam milhares de pessoas que chegaram mais cedo para participarem do evento.<\/p>\n\n\n\n<p>O cantor Isaias Saad, uma das atra\u00e7\u00f5es musicais confirmadas, publicou o v\u00eddeo das pessoas adorando a Deus.<\/p>\n\n\n\n<p>\u2013 Estamos aqui reunidos na Pra\u00e7a dos Tr\u00eas Ooderes! J\u00e1, j\u00e1 come\u00e7a! O povo est\u00e1 chegando. A presen\u00e7a de Deus est\u00e1 muito forte, estamos queimando de amor por Ele \u2013 escreveu.<\/p>\n\n\n\n<p>Al\u00e9m de Saad, tamb\u00e9m est\u00e3o confirmados os cantores Felipe Vilela, Marcelo Markes e Andr\u00e9 Aquino.<\/p>\n\n\n\n<p>J\u00e1 na lista de pastores que estar\u00e3o presentes temos Andr\u00e9 Fernandes, Lucas Teo, Fadi Faraj, Robson Rodovalho, JB Carvalho, Ezenete Rodrigues, M\u00e1rcio Valad\u00e3o, Guilherme Batista, Gilberto Ara\u00fajo e Gustavo Paiva.<\/p>\n","protected":false},"excerpt":{"rendered":"<p>Na noite desta sexta-feira (28), evang\u00e9licos de diversas denomina\u00e7\u00f5es participam do&nbsp;Clamor Brasil, ato prof\u00e9tico que acontece na Pra\u00e7a dos Tr\u00eas Poderes, em Bras\u00edlia, no Distrito Federal, para orar pelo Brasil. As primeiras imagens da concentra\u00e7\u00e3o mostravam milhares de pessoas que chegaram mais cedo para participarem do evento. O cantor Isaias Saad, uma das atra\u00e7\u00f5es musicais [&hellip;]<\/p>\n","protected":false},"author":2,"featured_media":13184,"comment_status":"open","ping_status":"open","sticky":false,"template":"","format":"standard","meta":[],"categories":[5],"tags":[],"_links":{"self":[{"href":"https:\/\/dgospel.com.br\/portal\/index.php\/wp-json\/wp\/v2\/posts\/13183"}],"collection":[{"href":"https:\/\/dgospel.com.br\/portal\/index.php\/wp-json\/wp\/v2\/posts"}],"about":[{"href":"https:\/\/dgospel.com.br\/portal\/index.php\/wp-json\/wp\/v2\/types\/post"}],"author":[{"embeddable":true,"href":"https:\/\/dgospel.com.br\/portal\/index.php\/wp-json\/wp\/v2\/users\/2"}],"replies":[{"embeddable":true,"href":"https:\/\/dgospel.com.br\/portal\/index.php\/wp-json\/wp\/v2\/comments?post=13183"}],"version-history":[{"count":1,"href":"https:\/\/dgospel.com.br\/portal\/index.php\/wp-json\/wp\/v2\/posts\/13183\/revisions"}],"predecessor-version":[{"id":13185,"href":"https:\/\/dgospel.com.br\/portal\/index.php\/wp-json\/wp\/v2\/posts\/13183\/revisions\/13185"}],"wp:featuredmedia":[{"embeddable":true,"href":"https:\/\/dgospel.com.br\/portal\/index.php\/wp-json\/wp\/v2\/media\/13184"}],"wp:attachment":[{"href":"https:\/\/dgospel.com.br\/portal\/index.php\/wp-json\/wp\/v2\/media?parent=13183"}],"wp:term":[{"taxonomy":"category","embeddable":true,"href":"https:\/\/dgospel.com.br\/portal\/index.php\/wp-json\/wp\/v2\/categories?post=13183"},{"taxonomy":"post_tag","embeddable":true,"href":"https:\/\/dgospel.com.br\/portal\/index.php\/wp-json\/wp\/v2\/tags?post=13183"}],"curies":[{"name":"wp","href":"https:\/\/api.w.org\/{rel}","templated":true}]}}