{"id":13186,"date":"2022-10-29T08:44:05","date_gmt":"2022-10-29T11:44:05","guid":{"rendered":"http:\/\/dgospel.com.br\/portal\/?p=13186"},"modified":"2022-10-29T08:44:06","modified_gmt":"2022-10-29T11:44:06","slug":"governo-do-tocantins-destaca-empreendedorismo-e-iniciativas-fiscais-para-mulheres-em-evento-do-crea-to","status":"publish","type":"post","link":"https:\/\/dgospel.com.br\/portal\/index.php\/2022\/10\/29\/governo-do-tocantins-destaca-empreendedorismo-e-iniciativas-fiscais-para-mulheres-em-evento-do-crea-to\/","title":{"rendered":"Governo do Tocantins destaca empreendedorismo e iniciativas fiscais para mulheres em evento do Crea\/TO"},"content":{"rendered":"\n<p>O Governo do Tocantins, por meio da Ag\u00eancia de Fomento do Estado do Tocantins (Fomento), prestigiou, nesta quinta-feira, 27, a programa\u00e7\u00e3o da II Jornada da Mulher, com tema&nbsp;<em>Engajamento, perspectivas e empreendedorismo feminino<\/em>. O evento \u00e9 organizado pelo Comit\u00ea Gestor do Programa Mulher, do Conselho Regional de Engenharia e Agronomia (Crea\/TO), e \u00e9 voltado para profissionais, estudantes e comunidade em geral, com o objetivo de proporcionar debates relevantes para o p\u00fablico feminino.&nbsp;<\/p>\n\n\n\n<p>No evento, a presidente da Fomento, Denise Rocha, destacou a representatividade da mulher no plano da atual gest\u00e3o, com pol\u00edticas p\u00fablicas e a import\u00e2ncia do empreendedorismo feminino. &#8220;O empreendedorismo feminino \u00e9 um movimento pujante. Existe uma renova\u00e7\u00e3o no mercado de neg\u00f3cios, mas ainda existem v\u00e1rios obst\u00e1culos para as mulheres em suas carreiras. O empreendedorismo constr\u00f3i uma sociedade mais justa. Assumir o pr\u00f3prio neg\u00f3cio \u00e9 uma forma de empoderamento&#8221;, afirmou.<\/p>\n\n\n\n<p><strong>Incentivos&nbsp;<\/strong><\/p>\n\n\n\n<p>Denise Rocha tamb\u00e9m refor\u00e7ou o trabalho diferenciado realizado na Fomento para as mulheres, com taxas e prazos melhorados para incentivar o p\u00fablico feminino a empreender ou melhorar o seu neg\u00f3cio. &#8220;No contexto deste debate, \u00e9 compromisso do Governador oportunizar ainda mais aos empreendedores, o desenvolvimento dos neg\u00f3cios de forma sustent\u00e1vel, atrativa e desburocratizada. Ainda especificamente para as mulheres, uma das a\u00e7\u00f5es \u00e9 o Centro de Capacita\u00e7\u00e3o e Empoderamento da Mulher, que visa um espa\u00e7o de instru\u00e7\u00e3o para o preparo do mercado de trabalho\u201d, enfatizou.&nbsp;<\/p>\n\n\n\n<p>Segundo a coordenadora do Comit\u00ea Gestor do Programa Mulher do Crea\/TO, Cleonice Alves Moreira, que \u00e9 engenheira agr\u00f4noma, a Jornada da Mulher pretende dar visibilidade para as mulheres e proporcionar a integra\u00e7\u00e3o das profissionais da \u00e1rea da engenharia. &#8220;A presen\u00e7a do Governo do Tocantins neste evento mostra que a gest\u00e3o est\u00e1 de m\u00e3os dadas com esse objetivo, com essa causa. Significa que a valoriza\u00e7\u00e3o da mulher e as oportunidades que precisamos para mostrar nossa capacidade est\u00e3o sendo ofertadas\u201d.<\/p>\n\n\n\n<p>Na ocasi\u00e3o, o presidente do Crea-TO, Daniel Iglesias de Carvalho, destacou que a realiza\u00e7\u00e3o de um evento voltado para o p\u00fablico feminino \u00e9 um espa\u00e7o para pensar a import\u00e2ncia das mulheres e a grande presen\u00e7a delas no Conselho. \u201cN\u00e3o existem locais limitados para as mulheres. Afinal, lugar de mulher \u00e9 exatamente onde ela quiser&#8221;, enfatizou.<\/p>\n\n\n\n<p><strong>Linha de cr\u00e9dito<\/strong><\/p>\n\n\n\n<p>Durante o evento, a presidente da Fomento, Denise Rocha, divulgou a linha de cr\u00e9dito aberta neste m\u00eas de outubro, voltada exclusivamente para o p\u00fablico feminino. \u201cEstamos com uma linha de cr\u00e9dito voltada para as mulheres empreendedoras, em vigor neste m\u00eas de outubro, com prazo para pagamentos e car\u00eancia mais atrativos e as menores taxas. A Ag\u00eancia de Fomento criou essa linha especial para as mulheres que atuam em qualquer segmento&#8221;, relatou.\u00a0<\/p>\n\n\n\n<p><img src=\"https:\/\/central.to.gov.br\/image\/307241?w=670&amp;h=383\"><\/p>\n\n\n\n<p>Coordenadora do Programa Mulher do Crea\/TO, Cleonice Alves Moreira, afirma que o evento tem como objetivo valorizar, dar voz e vez para as mulheres &#8211; Josy Karla\/Governo do Tocantins.<\/p>\n\n\n\n<p><img src=\"https:\/\/central.to.gov.br\/image\/307239?w=670&amp;h=383\"><\/p>\n\n\n\n<p>Governo do Tocantins destaca empreendedorismo e iniciativas fiscais para mulheres em evento do Crea\/TO &#8211; Josy Karla\/Governo do Tocantins.<\/p>\n\n\n\n<p><img src=\"https:\/\/central.to.gov.br\/image\/307240?w=670&amp;h=383\"><\/p>\n\n\n\n<p>Presidente do Crea-TO, Daniel Iglesias de Carvalho, destacou que a realiza\u00e7\u00e3o de um evento voltado para o p\u00fablico feminino \u00e9 um espa\u00e7o para pensar a import\u00e2ncia das mulheres &#8211; Josy Karla\/Governo do Tocantins.<\/p>\n","protected":false},"excerpt":{"rendered":"<p>O Governo do Tocantins, por meio da Ag\u00eancia de Fomento do Estado do Tocantins (Fomento), prestigiou, nesta quinta-feira, 27, a programa\u00e7\u00e3o da II Jornada da Mulher, com tema&nbsp;Engajamento, perspectivas e empreendedorismo feminino. O evento \u00e9 organizado pelo Comit\u00ea Gestor do Programa Mulher, do Conselho Regional de Engenharia e Agronomia (Crea\/TO), e \u00e9 voltado para profissionais, [&hellip;]<\/p>\n","protected":false},"author":2,"featured_media":13187,"comment_status":"open","ping_status":"open","sticky":false,"template":"","format":"standard","meta":[],"categories":[3],"tags":[13],"_links":{"self":[{"href":"https:\/\/dgospel.com.br\/portal\/index.php\/wp-json\/wp\/v2\/posts\/13186"}],"collection":[{"href":"https:\/\/dgospel.com.br\/portal\/index.php\/wp-json\/wp\/v2\/posts"}],"about":[{"href":"https:\/\/dgospel.com.br\/portal\/index.php\/wp-json\/wp\/v2\/types\/post"}],"author":[{"embeddable":true,"href":"https:\/\/dgospel.com.br\/portal\/index.php\/wp-json\/wp\/v2\/users\/2"}],"replies":[{"embeddable":true,"href":"https:\/\/dgospel.com.br\/portal\/index.php\/wp-json\/wp\/v2\/comments?post=13186"}],"version-history":[{"count":1,"href":"https:\/\/dgospel.com.br\/portal\/index.php\/wp-json\/wp\/v2\/posts\/13186\/revisions"}],"predecessor-version":[{"id":13188,"href":"https:\/\/dgospel.com.br\/portal\/index.php\/wp-json\/wp\/v2\/posts\/13186\/revisions\/13188"}],"wp:featuredmedia":[{"embeddable":true,"href":"https:\/\/dgospel.com.br\/portal\/index.php\/wp-json\/wp\/v2\/media\/13187"}],"wp:attachment":[{"href":"https:\/\/dgospel.com.br\/portal\/index.php\/wp-json\/wp\/v2\/media?parent=13186"}],"wp:term":[{"taxonomy":"category","embeddable":true,"href":"https:\/\/dgospel.com.br\/portal\/index.php\/wp-json\/wp\/v2\/categories?post=13186"},{"taxonomy":"post_tag","embeddable":true,"href":"https:\/\/dgospel.com.br\/portal\/index.php\/wp-json\/wp\/v2\/tags?post=13186"}],"curies":[{"name":"wp","href":"https:\/\/api.w.org\/{rel}","templated":true}]}}