{"id":13189,"date":"2022-10-29T08:47:51","date_gmt":"2022-10-29T11:47:51","guid":{"rendered":"http:\/\/dgospel.com.br\/portal\/?p=13189"},"modified":"2022-10-29T08:47:53","modified_gmt":"2022-10-29T11:47:53","slug":"dia-do-servidor-gestao-wanderlei-barbosa-valoriza-funcionarios-publicos-com-progressoes-promocoes-passivos-e-ampliacao-do-servir","status":"publish","type":"post","link":"https:\/\/dgospel.com.br\/portal\/index.php\/2022\/10\/29\/dia-do-servidor-gestao-wanderlei-barbosa-valoriza-funcionarios-publicos-com-progressoes-promocoes-passivos-e-ampliacao-do-servir\/","title":{"rendered":"Dia do Servidor: Gest\u00e3o Wanderlei Barbosa valoriza funcion\u00e1rios p\u00fablicos com progress\u00f5es, promo\u00e7\u00f5es, passivos e amplia\u00e7\u00e3o do Servir"},"content":{"rendered":"\n<p>Desde que tomou posse como Governador em 20 de outubro de 2021, Wanderlei Barbosa vem implementando pol\u00edticas de valoriza\u00e7\u00e3o do servidor p\u00fablico estadual, por entender que o funcionalismo p\u00fablico melhora e a sociedade ganha quando h\u00e1 esse reconhecimento. S\u00f3 no primeiro semestre deste ano, por exemplo, o Governador do Tocantins concedeu 45.852 progress\u00f5es e 418 promo\u00e7\u00f5es, sobretudo \u00e0s categorias que esperavam por esses direitos conquistados h\u00e1 muito tempo. A gest\u00e3o Wanderlei Barbosa tamb\u00e9m viabilizou o pagamento parcelado de &nbsp;passivos, no valor bruto de R$ 2,3 bilh\u00f5es, e ampliou o Plano de Assist\u00eancia \u00e0 Sa\u00fade dos Servidores P\u00fablicos do Estado do Tocantins (Servir), que conta hoje com mais de 500 cl\u00ednicas atendendo.<\/p>\n\n\n\n<p>\u201cNeste dia 28, os servidores p\u00fablicos do estado do Tocantins comemoram o Dia do Servidor com orgulho, pois nossa gest\u00e3o tem buscado honrar com todas as progress\u00f5es, promo\u00e7\u00f5es e datas-base de todas as classes. Muito j\u00e1 foi feito, ainda h\u00e1 muito por fazer, mas seguimos firmes como um Governo que dialoga com a classe e busca receber bem a todos\u201d, afirma Wanderlei Barbosa. Ainda em dezembro de 2021, o l\u00edder do executivo estadual anunciou o pagamento de R$ 150 milh\u00f5es em progress\u00f5es e datas-base referente aos anos de 2008 a 2016.&nbsp;<\/p>\n\n\n\n<p><strong>Progress\u00f5es<\/strong><\/p>\n\n\n\n<p>Entre dezembro de 2021 e fevereiro de 2022, foram 7.622 progress\u00f5es concedidas; em abril de 2022, o quantitativo foi de 28.045; j\u00e1 no m\u00eas seguinte, maio, mais 5.310 progress\u00f5es foram garantidas; por fim, em junho deste ano mais 4.875 servidores foram contemplados com o direito adquirido. S\u00e3o efetivos da Educa\u00e7\u00e3o (11.323), Pol\u00edcia Civil (2.407), Sa\u00fade (15.297), Adapec (1389), Naturatins (306), Ruraltins (573), entre outros.&nbsp;<br><br>\u00c9 o caso da professora Mirian Pacheco Ramos, que hoje ocupa o cargo de coordenadora pedag\u00f3gica no Centro de Ensino M\u00e9dio (CEM) de Taquaralto. H\u00e1 13 anos atuando nesta unidade escolar, Mirian possui 30 anos de servidora p\u00fablica e reconhece que essa valoriza\u00e7\u00e3o contribui no desempenho do seu trabalho. \u201c\u00c9 gratificante termos um Governo que pensa na valoriza\u00e7\u00e3o do servidor, porque o funcion\u00e1rio p\u00fablico valorizado retribui \u00e0 comunidade com um bom servi\u00e7o prestado e n\u00f3s passamos muitos anos com esse direito negado por v\u00e1rios governos\u201d, disse ao lembrar que estava desde 2009 sem receber a progress\u00e3o.<\/p>\n\n\n\n<p>A qualidade de vida tamb\u00e9m \u00e9 apontada pela 2\u00aa Tenente Eliane Resende de Oliveira, do Corpo de Bombeiros Militar do Tocantins (CBM\/TO). H\u00e1 18 anos na corpora\u00e7\u00e3o, ela aguardava a promo\u00e7\u00e3o, garantida em abril deste ano pelo governador Wanderlei Barbosa, desde 2015. \u201cAl\u00e9m do reconhecimento de nossos esfor\u00e7os e tempo de servi\u00e7o, essa promo\u00e7\u00e3o representa a possibilidade de garantir aos meus filhos, que s\u00e3o atletas, acesso a viagens para competi\u00e7\u00f5es\u201d, diz a m\u00e3e de duas crian\u00e7as e um rapaz, hoje com 21 anos e bolsista numa universidade dos Estados Unidos. \u201cSe meu filho est\u00e1 l\u00e1 hoje, pude proporcionar isso a ele enquanto bombeiro\u201dafirma.<\/p>\n\n\n\n<p>Pedro Henrique Costa Aires Rodrigues faz parte dos 39 pra\u00e7as que foram promovidos de Primeiro Sargento a Subtenente no CBM\/TO este ano. Ele est\u00e1 concursado desde 2006 e, de l\u00e1 para c\u00e1, conta que j\u00e1 viu muitos colegas aptos a receberem promo\u00e7\u00e3o, por\u00e9m n\u00e3o conseguindo devido \u00e0 morosidade por parte de gest\u00f5es anteriores.&nbsp;<\/p>\n\n\n\n<p>\u201c\u00c9 muito importante para n\u00f3s, militares, que essas prerrogativas, interst\u00edcios e prazos sejam respeitados, para quando chegar o momento, a gente seja promovida. O Governador prometeu isso desde quando assumiu o Governo, e ele tem cumprido\u201d, reconhece o subtenente Henrique Rodrigues, que agradece: \u201csou grato ao Governador por ter essa sensibilidade conosco. Ele sempre refor\u00e7a a import\u00e2ncia de se promover o militar dentro do seu tempo certo, inclusive garantiu reparar casos que ficaram para tr\u00e1s devido a gest\u00f5es antigas\u201d, enfatizou o subtenente.<\/p>\n\n\n\n<p><strong>Promo\u00e7\u00f5es<\/strong><\/p>\n\n\n\n<p>Em mar\u00e7o desde ano, o Governo do Tocantins publicou no Di\u00e1rio Oficial do Estado uma portaria da Pol\u00edcia Militar concedendo promo\u00e7\u00f5es de patente para 2.023 policiais militares. O major da PM\/TO Jos\u00e9 Willamy Aguiar Miranda, de 44 anos, por exemplo, conta que aguardava sua promo\u00e7\u00e3o desde o ano de 2020. H\u00e1 16 anos na corpora\u00e7\u00e3o, ele diz que o n\u00e3o acesso aos seus direitos representa \u201cincertezas, al\u00e9m de preju\u00edzo financeiro\u201d e continua: \u201cAp\u00f3s a assun\u00e7\u00e3o do governador Wanderlei Barbosa ao cargo, foram concedidos alguns direitos que estavam suspensos e isso nos trouxe muitos benef\u00edcios, no meu caso recebi al\u00e9m da promo\u00e7\u00e3o, 02 letras referentes a 2017 e 2020, que estavam atrasadas\u201d, ressaltou o major.<\/p>\n\n\n\n<p>O sentimento de desvaloriza\u00e7\u00e3o (que tinha a corpora\u00e7\u00e3o em gest\u00f5es anteriores) \u00e9 relatado pelo segundo sargento da PM\/TO C\u00e9sar Tavares dos Santos.Devido \u00e0 demora na concess\u00e3o dos seus direitos, segundo o servidor, acabou atrasando outras promo\u00e7\u00f5es subsequentes. \u201cFica uma sensa\u00e7\u00e3o de que nosso servi\u00e7o n\u00e3o est\u00e1 sendo valorizado, enquanto a promo\u00e7\u00e3o traz ao militar uma sensa\u00e7\u00e3o de responsabilidade que vem acoplada a uma melhora financeira\u201d, reflete e finaliza: \u201cessa ascens\u00e3o traz felicidade para toda a fam\u00edlia, e a minha \u00e9 composta por seis pessoas, sendo eu o provedor\u201d, afirmou.&nbsp;<\/p>\n\n\n\n<p><strong>Passivos<\/strong><\/p>\n\n\n\n<p>A gest\u00e3o do governador Wanderlei Barbosa tamb\u00e9m oportunizou a Lei n\u00b0 3.901, de 31 de mar\u00e7o de 2022, que possibilita o pagamento parcelado dos passivos de 2023 a 2030, e o Decreto n\u00b0 6.473, que regulamenta a cess\u00e3o de cr\u00e9dito dos passivos, publicado ainda em julho de 2022.&nbsp; O trabalho em conjunto entre as secretarias de Estado da Administra\u00e7\u00e3o, Planejamento e Fazenda viabilizou o pagamento parcelado desses passivos, no valor bruto de R$ 2,3 bilh\u00f5es.&nbsp;<\/p>\n\n\n\n<p>At\u00e9 o momento, s\u00e3o cinco institui\u00e7\u00f5es conveniadas que est\u00e3o aptas para realizarem as opera\u00e7\u00f5es de adiantamento, sendo elas: Banco de Bras\u00edlia (BRB); Banco Pan S\/A; BMP Money Plus Sociedade de Cr\u00e9dito Direto; Capital Consig Sociedade e Cr\u00e9dito Direto e Banco J17 Sociedade de Cr\u00e9dito Direto. As formas de atendimento das institui\u00e7\u00f5es ser\u00e3o disponibilizadas nos canais institucionais da Secad.<\/p>\n\n\n\n<p><strong>Servir<\/strong><\/p>\n\n\n\n<p>Ainda sobre a valoriza\u00e7\u00e3o dos servidores p\u00fablicos, Wanderlei Barbosa destaca a amplia\u00e7\u00e3o e pagamento em dia dos fornecedores do Plano de Assist\u00eancia \u00e0 Sa\u00fade dos Servidores P\u00fablicos do Estado do Tocantins (Servir). A amplia\u00e7\u00e3oda rede de atendimento foi de 147% da carteira de prestadores do Servir, com mais de 500 cl\u00ednicas no Tocantins, al\u00e9m das capitais Goi\u00e2nia (GO) e Imperatriz (MA).\u00a0<\/p>\n\n\n\n<p><img src=\"https:\/\/central.to.gov.br\/image\/307245?w=670&amp;h=383\"><\/p>\n\n\n\n<p>Pedro Henrique Costa Aires Rodrigues faz parte dos 39 oficiais que foram promovidos de primeirosargento a Subtenente no CBMTO em 2022 &#8211; Governo do Tocantins.<\/p>\n\n\n\n<p><img src=\"https:\/\/central.to.gov.br\/image\/307243?w=670&amp;h=383\"><\/p>\n\n\n\n<p>Segundo sargento da Pol\u00edcia Militar do Tocantins C\u00e9sar Tavares dos Santos afirma que a ascens\u00e3o da carreira traz felicidade para toda a sua fam\u00edlia &#8211; Governo do Tocantins.<\/p>\n\n\n\n<p><img src=\"https:\/\/central.to.gov.br\/image\/307242?w=670&amp;h=383\"><\/p>\n\n\n\n<p>Segunda tenente do CBM\/TO, Eliane Resende de Oliveira, desde 2015 aguardava a promo\u00e7\u00e3o, garantida em abril deste ano pelo Governador &#8211; Zezinha Carvalho\/Governo do Tocantins.<\/p>\n","protected":false},"excerpt":{"rendered":"<p>Desde que tomou posse como Governador em 20 de outubro de 2021, Wanderlei Barbosa vem implementando pol\u00edticas de valoriza\u00e7\u00e3o do servidor p\u00fablico estadual, por entender que o funcionalismo p\u00fablico melhora e a sociedade ganha quando h\u00e1 esse reconhecimento. S\u00f3 no primeiro semestre deste ano, por exemplo, o Governador do Tocantins concedeu 45.852 progress\u00f5es e 418 [&hellip;]<\/p>\n","protected":false},"author":2,"featured_media":13190,"comment_status":"open","ping_status":"open","sticky":false,"template":"","format":"standard","meta":[],"categories":[3],"tags":[13],"_links":{"self":[{"href":"https:\/\/dgospel.com.br\/portal\/index.php\/wp-json\/wp\/v2\/posts\/13189"}],"collection":[{"href":"https:\/\/dgospel.com.br\/portal\/index.php\/wp-json\/wp\/v2\/posts"}],"about":[{"href":"https:\/\/dgospel.com.br\/portal\/index.php\/wp-json\/wp\/v2\/types\/post"}],"author":[{"embeddable":true,"href":"https:\/\/dgospel.com.br\/portal\/index.php\/wp-json\/wp\/v2\/users\/2"}],"replies":[{"embeddable":true,"href":"https:\/\/dgospel.com.br\/portal\/index.php\/wp-json\/wp\/v2\/comments?post=13189"}],"version-history":[{"count":1,"href":"https:\/\/dgospel.com.br\/portal\/index.php\/wp-json\/wp\/v2\/posts\/13189\/revisions"}],"predecessor-version":[{"id":13191,"href":"https:\/\/dgospel.com.br\/portal\/index.php\/wp-json\/wp\/v2\/posts\/13189\/revisions\/13191"}],"wp:featuredmedia":[{"embeddable":true,"href":"https:\/\/dgospel.com.br\/portal\/index.php\/wp-json\/wp\/v2\/media\/13190"}],"wp:attachment":[{"href":"https:\/\/dgospel.com.br\/portal\/index.php\/wp-json\/wp\/v2\/media?parent=13189"}],"wp:term":[{"taxonomy":"category","embeddable":true,"href":"https:\/\/dgospel.com.br\/portal\/index.php\/wp-json\/wp\/v2\/categories?post=13189"},{"taxonomy":"post_tag","embeddable":true,"href":"https:\/\/dgospel.com.br\/portal\/index.php\/wp-json\/wp\/v2\/tags?post=13189"}],"curies":[{"name":"wp","href":"https:\/\/api.w.org\/{rel}","templated":true}]}}