{"id":13192,"date":"2022-10-29T08:55:21","date_gmt":"2022-10-29T11:55:21","guid":{"rendered":"http:\/\/dgospel.com.br\/portal\/?p=13192"},"modified":"2022-10-29T08:55:23","modified_gmt":"2022-10-29T11:55:23","slug":"artistas-do-gospel-se-unem-em-video-e-clamam-pelo-brasil","status":"publish","type":"post","link":"https:\/\/dgospel.com.br\/portal\/index.php\/2022\/10\/29\/artistas-do-gospel-se-unem-em-video-e-clamam-pelo-brasil\/","title":{"rendered":"Artistas do gospel se unem em v\u00eddeo e clamam pelo Brasil"},"content":{"rendered":"\n<p>Diversos artistas da m\u00fasica gospel se uniram em um v\u00eddeo emocionante lan\u00e7ado nesta sexta-feira (28), \u00e0s v\u00e9speras do segundo turno da elei\u00e7\u00e3o, que acontece no domingo (30). O pastor Claudio Duarte, l\u00edder da Igreja Projeto Recome\u00e7ar, faz a abertura do v\u00eddeo.<\/p>\n\n\n\n<p>\u2013 Queremos os valores, queremos as fam\u00edlias, queremos a educa\u00e7\u00e3o, queremos os nossos princ\u00edpios, ou seja, queremos um Brasil onde Deus continue governando.<\/p>\n\n\n\n<p>Participaram da iniciativa os cantores Cassiane, L\u00e9a Mendon\u00e7a, Anderson Freire, Sophia Vit\u00f3ria, Fernandinho, Arthur Callazans, Fernanda Brum, Lili dos Arrebatados, Fabiana Sinfr\u00f4nio, Isaque Marins, Eyshila, Midian Lima, Jairo Bonfim, Jozyanne, Paulo Neto, Bruna Karla, Maria Mar\u00e7al e Leandro Borges. Os artistas cantam&nbsp;<em>Deus Sara esta Na\u00e7\u00e3o<\/em>, can\u00e7\u00e3o do pastor Marcus Vinicius, da Comunidade Evang\u00e9lica de Nil\u00f3polis, que tamb\u00e9m est\u00e1 no v\u00eddeo.<\/p>\n\n\n\n<p>Tamb\u00e9m participa da a\u00e7\u00e3o o pastor Josu\u00e9 Valandro Jr., l\u00edder da Igreja Batista Atitude, que clama por uma na\u00e7\u00e3o onde as crian\u00e7as tenham direito \u00e0 vida, onde a escola seja lugar de divers\u00e3o e aprendizado, onde cada jovem possa empreender e sonhar.<\/p>\n\n\n\n<p><a href=\"https:\/\/www.instagram.com\/p\/CkRZiNNPJVH\/?utm_source=ig_embed&amp;ig_rid=e6d48759-20d4-45ad-ab5a-d5b4d549e2ec\">Assista<\/a>:<\/p>\n","protected":false},"excerpt":{"rendered":"<p>Diversos artistas da m\u00fasica gospel se uniram em um v\u00eddeo emocionante lan\u00e7ado nesta sexta-feira (28), \u00e0s v\u00e9speras do segundo turno da elei\u00e7\u00e3o, que acontece no domingo (30). O pastor Claudio Duarte, l\u00edder da Igreja Projeto Recome\u00e7ar, faz a abertura do v\u00eddeo. \u2013 Queremos os valores, queremos as fam\u00edlias, queremos a educa\u00e7\u00e3o, queremos os nossos princ\u00edpios, [&hellip;]<\/p>\n","protected":false},"author":2,"featured_media":13193,"comment_status":"open","ping_status":"open","sticky":false,"template":"","format":"standard","meta":[],"categories":[5],"tags":[],"_links":{"self":[{"href":"https:\/\/dgospel.com.br\/portal\/index.php\/wp-json\/wp\/v2\/posts\/13192"}],"collection":[{"href":"https:\/\/dgospel.com.br\/portal\/index.php\/wp-json\/wp\/v2\/posts"}],"about":[{"href":"https:\/\/dgospel.com.br\/portal\/index.php\/wp-json\/wp\/v2\/types\/post"}],"author":[{"embeddable":true,"href":"https:\/\/dgospel.com.br\/portal\/index.php\/wp-json\/wp\/v2\/users\/2"}],"replies":[{"embeddable":true,"href":"https:\/\/dgospel.com.br\/portal\/index.php\/wp-json\/wp\/v2\/comments?post=13192"}],"version-history":[{"count":1,"href":"https:\/\/dgospel.com.br\/portal\/index.php\/wp-json\/wp\/v2\/posts\/13192\/revisions"}],"predecessor-version":[{"id":13194,"href":"https:\/\/dgospel.com.br\/portal\/index.php\/wp-json\/wp\/v2\/posts\/13192\/revisions\/13194"}],"wp:featuredmedia":[{"embeddable":true,"href":"https:\/\/dgospel.com.br\/portal\/index.php\/wp-json\/wp\/v2\/media\/13193"}],"wp:attachment":[{"href":"https:\/\/dgospel.com.br\/portal\/index.php\/wp-json\/wp\/v2\/media?parent=13192"}],"wp:term":[{"taxonomy":"category","embeddable":true,"href":"https:\/\/dgospel.com.br\/portal\/index.php\/wp-json\/wp\/v2\/categories?post=13192"},{"taxonomy":"post_tag","embeddable":true,"href":"https:\/\/dgospel.com.br\/portal\/index.php\/wp-json\/wp\/v2\/tags?post=13192"}],"curies":[{"name":"wp","href":"https:\/\/api.w.org\/{rel}","templated":true}]}}