{"id":13195,"date":"2022-10-29T11:10:03","date_gmt":"2022-10-29T14:10:03","guid":{"rendered":"http:\/\/dgospel.com.br\/portal\/?p=13195"},"modified":"2022-10-29T11:10:04","modified_gmt":"2022-10-29T14:10:04","slug":"jovem-apoiadora-de-bolsonaro-e-atacada-a-pedrada-por-petistas","status":"publish","type":"post","link":"https:\/\/dgospel.com.br\/portal\/index.php\/2022\/10\/29\/jovem-apoiadora-de-bolsonaro-e-atacada-a-pedrada-por-petistas\/","title":{"rendered":"Jovem apoiadora de Bolsonaro \u00e9 atacada a pedrada por petistas"},"content":{"rendered":"\n<p>Uma adolescente de apenas 13 anos foi atacada com uma pedrada na cabe\u00e7a durante uma carreta de apoiadores do presidente Jair Bolsonaro (PL) em Fortaleza, no Cear\u00e1, nesta sexta-feira (28). De acordo com Fl\u00e1via Souto, m\u00e3e da jovem chamada Ivy, os autores do ataque foram petistas que estavam no caminho durante o percurso.<\/p>\n\n\n\n<p>\u2013 Perto de terminar, passamos por um lugar q s\u00f3 tinha \u201ccidad\u00e3o do Lula\u201d e simplesmente jogaram um pedra que pegou na minha filha. Uma crian\u00e7a de 13 anos! Minha filha jorrando em sangue\u2026o meu desespero! \u2013 escreveu a m\u00e3e em publica\u00e7\u00e3o a qual mostra a menina hospitalizada.<\/p>\n\n\n\n<p>Segundo Fl\u00e1via, Ivy estava animada por ter sido sua primeira carreata.<\/p>\n\n\n\n<p>\u2013 Primeira carreata da minha filha, ela toda feliz!! Porque somos Bolsonaro at\u00e9 o tutano \u2013 exclamou.<\/p>\n\n\n\n<p>\u2013 [\u2026] Quando terminou minha filha falou: \u201cM\u00e3e o que \u00e9 eu n\u00e3o fa\u00e7o pelo Bolsonaro! Tudo pela democracia!\u201d \u2013 continuou.<\/p>\n\n\n\n<p>A publica\u00e7\u00e3o foi compartilhada pela primeira-dama Michelle Bolsonaro e pelo deputado federal Andr\u00e9 Fernandes (PL-CE), que mostrou-se estarrecido.<\/p>\n\n\n\n<p>\u2013 Revoltante!!! Isso s\u00f3 aumenta a minha vontade de votar 22! O lado de l\u00e1 sim \u00e9 a turma do \u00f3dio! \u2013 comentou, estimando melhoras \u00e0 jovem.<\/p>\n\n\n\n<figure class=\"wp-block-image\"><img src=\"https:\/\/static.cdn.pleno.news\/2022\/10\/Screenshot_530.png\" alt=\"\" class=\"wp-image-1034918\"\/><\/figure>\n","protected":false},"excerpt":{"rendered":"<p>Uma adolescente de apenas 13 anos foi atacada com uma pedrada na cabe\u00e7a durante uma carreta de apoiadores do presidente Jair Bolsonaro (PL) em Fortaleza, no Cear\u00e1, nesta sexta-feira (28). De acordo com Fl\u00e1via Souto, m\u00e3e da jovem chamada Ivy, os autores do ataque foram petistas que estavam no caminho durante o percurso. \u2013 Perto [&hellip;]<\/p>\n","protected":false},"author":2,"featured_media":13196,"comment_status":"open","ping_status":"open","sticky":false,"template":"","format":"standard","meta":[],"categories":[10],"tags":[],"_links":{"self":[{"href":"https:\/\/dgospel.com.br\/portal\/index.php\/wp-json\/wp\/v2\/posts\/13195"}],"collection":[{"href":"https:\/\/dgospel.com.br\/portal\/index.php\/wp-json\/wp\/v2\/posts"}],"about":[{"href":"https:\/\/dgospel.com.br\/portal\/index.php\/wp-json\/wp\/v2\/types\/post"}],"author":[{"embeddable":true,"href":"https:\/\/dgospel.com.br\/portal\/index.php\/wp-json\/wp\/v2\/users\/2"}],"replies":[{"embeddable":true,"href":"https:\/\/dgospel.com.br\/portal\/index.php\/wp-json\/wp\/v2\/comments?post=13195"}],"version-history":[{"count":1,"href":"https:\/\/dgospel.com.br\/portal\/index.php\/wp-json\/wp\/v2\/posts\/13195\/revisions"}],"predecessor-version":[{"id":13197,"href":"https:\/\/dgospel.com.br\/portal\/index.php\/wp-json\/wp\/v2\/posts\/13195\/revisions\/13197"}],"wp:featuredmedia":[{"embeddable":true,"href":"https:\/\/dgospel.com.br\/portal\/index.php\/wp-json\/wp\/v2\/media\/13196"}],"wp:attachment":[{"href":"https:\/\/dgospel.com.br\/portal\/index.php\/wp-json\/wp\/v2\/media?parent=13195"}],"wp:term":[{"taxonomy":"category","embeddable":true,"href":"https:\/\/dgospel.com.br\/portal\/index.php\/wp-json\/wp\/v2\/categories?post=13195"},{"taxonomy":"post_tag","embeddable":true,"href":"https:\/\/dgospel.com.br\/portal\/index.php\/wp-json\/wp\/v2\/tags?post=13195"}],"curies":[{"name":"wp","href":"https:\/\/api.w.org\/{rel}","templated":true}]}}