{"id":13198,"date":"2022-10-31T09:04:22","date_gmt":"2022-10-31T12:04:22","guid":{"rendered":"http:\/\/dgospel.com.br\/portal\/?p=13198"},"modified":"2022-10-31T09:04:24","modified_gmt":"2022-10-31T12:04:24","slug":"menos-de-3-anos-apos-ser-solto-lula-e-eleito-presidente","status":"publish","type":"post","link":"https:\/\/dgospel.com.br\/portal\/index.php\/2022\/10\/31\/menos-de-3-anos-apos-ser-solto-lula-e-eleito-presidente\/","title":{"rendered":"Menos de 3 anos ap\u00f3s ser solto, Lula \u00e9 eleito presidente"},"content":{"rendered":"\n<p>Com 98% das urnas apuradas o resultado da elei\u00e7\u00e3o presidencial foi definido: o ex-presidente&nbsp;<a href=\"https:\/\/pleno.news\/tag\/lula\" target=\"_blank\" rel=\"noreferrer noopener\">Lula<\/a>&nbsp;(PT) ter\u00e1 um terceiro mandato \u00e0 frente da Presid\u00eancia da Rep\u00fablica. Ap\u00f3s comandar o pa\u00eds entre 2003 e 2010, em um governo marcado por in\u00fameras den\u00fancias de corrup\u00e7\u00e3o, o petista voltar\u00e1 ao Planalto em 2023.<\/p>\n\n\n\n<p>At\u00e9 19h58 deste domingo (30), o petista aparecia com 50,83% dos votos v\u00e1lidos, contra 49,17% do presidente\u00a0<a rel=\"noreferrer noopener\" href=\"https:\/\/pleno.news\/tag\/jair-bolsonaro\" target=\"_blank\">Jair Bolsonaro<\/a>\u00a0(PL). Enquanto Lula registrava 59,6 milh\u00f5es de votos, o atual presidente tinha 57,6 milh\u00f5es de votos. A elei\u00e7\u00e3o do petista acontece ap\u00f3s menos de tr\u00eas anos depois de ele ser solto.<\/p>\n\n\n\n<p>No pleito mais equilibrado desde a redemocratiza\u00e7\u00e3o, a campanha ficou marcada por diversas acusa\u00e7\u00f5es falsas e cr\u00edticas pela postura do Tribunal Superior Eleitoral (TSE) principalmente em rela\u00e7\u00e3o ao atual l\u00edder e seus apoiadores, com a Corte sendo acusada de censurar conte\u00fados contra o petista.<\/p>\n\n\n\n<p>Ao longo dos mais de dois meses de campanha, petistas e seus aliados tentaram acusar o atual presidente de querer reduzir o sal\u00e1rio m\u00ednimo, de canibalismo e at\u00e9 de pedofilia. Todas elas, \u00e9 claro, foram enfaticamente rebatidas por Bolsonaro.<\/p>\n\n\n\n<p>Agora eleito, Lula deve encarar um Congresso com o qual n\u00e3o deve ter vida f\u00e1cil. De maioria conservadora, os novos parlamentares eleitos prometem atuar para evitar que pautas mais progressistas nos costumes e intervencionistas na economia sejam aprovadas pelo Parlamento.<\/p>\n","protected":false},"excerpt":{"rendered":"<p>Com 98% das urnas apuradas o resultado da elei\u00e7\u00e3o presidencial foi definido: o ex-presidente&nbsp;Lula&nbsp;(PT) ter\u00e1 um terceiro mandato \u00e0 frente da Presid\u00eancia da Rep\u00fablica. Ap\u00f3s comandar o pa\u00eds entre 2003 e 2010, em um governo marcado por in\u00fameras den\u00fancias de corrup\u00e7\u00e3o, o petista voltar\u00e1 ao Planalto em 2023. At\u00e9 19h58 deste domingo (30), o petista [&hellip;]<\/p>\n","protected":false},"author":2,"featured_media":13199,"comment_status":"open","ping_status":"open","sticky":false,"template":"","format":"standard","meta":[],"categories":[4],"tags":[],"_links":{"self":[{"href":"https:\/\/dgospel.com.br\/portal\/index.php\/wp-json\/wp\/v2\/posts\/13198"}],"collection":[{"href":"https:\/\/dgospel.com.br\/portal\/index.php\/wp-json\/wp\/v2\/posts"}],"about":[{"href":"https:\/\/dgospel.com.br\/portal\/index.php\/wp-json\/wp\/v2\/types\/post"}],"author":[{"embeddable":true,"href":"https:\/\/dgospel.com.br\/portal\/index.php\/wp-json\/wp\/v2\/users\/2"}],"replies":[{"embeddable":true,"href":"https:\/\/dgospel.com.br\/portal\/index.php\/wp-json\/wp\/v2\/comments?post=13198"}],"version-history":[{"count":1,"href":"https:\/\/dgospel.com.br\/portal\/index.php\/wp-json\/wp\/v2\/posts\/13198\/revisions"}],"predecessor-version":[{"id":13200,"href":"https:\/\/dgospel.com.br\/portal\/index.php\/wp-json\/wp\/v2\/posts\/13198\/revisions\/13200"}],"wp:featuredmedia":[{"embeddable":true,"href":"https:\/\/dgospel.com.br\/portal\/index.php\/wp-json\/wp\/v2\/media\/13199"}],"wp:attachment":[{"href":"https:\/\/dgospel.com.br\/portal\/index.php\/wp-json\/wp\/v2\/media?parent=13198"}],"wp:term":[{"taxonomy":"category","embeddable":true,"href":"https:\/\/dgospel.com.br\/portal\/index.php\/wp-json\/wp\/v2\/categories?post=13198"},{"taxonomy":"post_tag","embeddable":true,"href":"https:\/\/dgospel.com.br\/portal\/index.php\/wp-json\/wp\/v2\/tags?post=13198"}],"curies":[{"name":"wp","href":"https:\/\/api.w.org\/{rel}","templated":true}]}}