{"id":132,"date":"2018-05-14T16:35:22","date_gmt":"2018-05-14T19:35:22","guid":{"rendered":"http:\/\/dgospel.com.br\/portal\/?p=132"},"modified":"2018-05-14T16:35:22","modified_gmt":"2018-05-14T19:35:22","slug":"patricia-abravanel-consagra-sua-filha-em-igreja-evangelica","status":"publish","type":"post","link":"https:\/\/dgospel.com.br\/portal\/index.php\/2018\/05\/14\/patricia-abravanel-consagra-sua-filha-em-igreja-evangelica\/","title":{"rendered":"Patricia Abravanel consagra sua filha em igreja evang\u00e9lica"},"content":{"rendered":"<p>Patr\u00edcia Abravanel, apresentadora e filha do dono do SBT, S\u00edlvio Santos, esteve neste domingo, 13 de maio, Dia das M\u00e3es, junto com o marido, o deputado federal F\u00e1bio Faria (PSD), e outros familiares, participando da cerim\u00f4nia onde dedicou a sua filha rec\u00e9m-nascida, Jane, na Igreja Batista Memorial de Alphaville.<\/p>\n<p>\u201cDeus nos deu a melhor e maior miss\u00e3o do mundo! Que Ele nos capacite a sermos m\u00e3es incr\u00edveis, am\u00e1veis, s\u00e1bias e cheias de alegria direcionando nossos filhos a viverem a boa, perfeita e agrad\u00e1vel vontade de Deus para a vida deles!\u201d, declarou a apresentadora.<\/p>\n<p>Jane acabou de completar 4 meses de vida, e \u00e9 a filha ca\u00e7ula de Patricia, que j\u00e1 tem\u00a0Pedro<strong>,\u00a0<\/strong>de 3 anos, fruto do seu casamento com o deputado federal\u00a0F\u00e1bio\u00a0Faria.<\/p>\n<p>A atitude de Patricia foi muito elogiada pelos seus seguidores nas redes sociais, centenas de pessoas comentaram a demonstra\u00e7\u00e3o de f\u00e9 da filha do\u00a0Silvio Santos.<\/p>\n<p>Al\u00e9m de Patricia, suas irm\u00e3s,\u00a0Renata Abravanel,\u00a0e\u00a0Daniela Beyruti, tamb\u00e9m levaram seus filhos para serem apresentados na igreja.<\/p>\n<p><strong>Fonte: Pleno News e Fuxico Gospel<\/strong><\/p>\n<p>&nbsp;<\/p>\n","protected":false},"excerpt":{"rendered":"<p>Patr\u00edcia Abravanel, apresentadora e filha do dono do SBT, S\u00edlvio Santos, esteve neste domingo, 13 de maio, Dia das M\u00e3es, junto com o marido, o deputado federal F\u00e1bio Faria (PSD), e outros familiares, participando da cerim\u00f4nia onde dedicou a sua filha rec\u00e9m-nascida, Jane, na Igreja Batista Memorial de Alphaville. \u201cDeus nos deu a melhor e [&hellip;]<\/p>\n","protected":false},"author":2,"featured_media":133,"comment_status":"open","ping_status":"open","sticky":false,"template":"","format":"standard","meta":[],"categories":[2,5],"tags":[],"_links":{"self":[{"href":"https:\/\/dgospel.com.br\/portal\/index.php\/wp-json\/wp\/v2\/posts\/132"}],"collection":[{"href":"https:\/\/dgospel.com.br\/portal\/index.php\/wp-json\/wp\/v2\/posts"}],"about":[{"href":"https:\/\/dgospel.com.br\/portal\/index.php\/wp-json\/wp\/v2\/types\/post"}],"author":[{"embeddable":true,"href":"https:\/\/dgospel.com.br\/portal\/index.php\/wp-json\/wp\/v2\/users\/2"}],"replies":[{"embeddable":true,"href":"https:\/\/dgospel.com.br\/portal\/index.php\/wp-json\/wp\/v2\/comments?post=132"}],"version-history":[{"count":1,"href":"https:\/\/dgospel.com.br\/portal\/index.php\/wp-json\/wp\/v2\/posts\/132\/revisions"}],"predecessor-version":[{"id":134,"href":"https:\/\/dgospel.com.br\/portal\/index.php\/wp-json\/wp\/v2\/posts\/132\/revisions\/134"}],"wp:featuredmedia":[{"embeddable":true,"href":"https:\/\/dgospel.com.br\/portal\/index.php\/wp-json\/wp\/v2\/media\/133"}],"wp:attachment":[{"href":"https:\/\/dgospel.com.br\/portal\/index.php\/wp-json\/wp\/v2\/media?parent=132"}],"wp:term":[{"taxonomy":"category","embeddable":true,"href":"https:\/\/dgospel.com.br\/portal\/index.php\/wp-json\/wp\/v2\/categories?post=132"},{"taxonomy":"post_tag","embeddable":true,"href":"https:\/\/dgospel.com.br\/portal\/index.php\/wp-json\/wp\/v2\/tags?post=132"}],"curies":[{"name":"wp","href":"https:\/\/api.w.org\/{rel}","templated":true}]}}