{"id":13204,"date":"2022-10-31T09:16:02","date_gmt":"2022-10-31T12:16:02","guid":{"rendered":"http:\/\/dgospel.com.br\/portal\/?p=13204"},"modified":"2022-10-31T09:16:03","modified_gmt":"2022-10-31T12:16:03","slug":"deputado-do-caso-dos-dolares-na-cueca-aparece-com-lula","status":"publish","type":"post","link":"https:\/\/dgospel.com.br\/portal\/index.php\/2022\/10\/31\/deputado-do-caso-dos-dolares-na-cueca-aparece-com-lula\/","title":{"rendered":"Deputado do caso dos \u201cd\u00f3lares na cueca\u201d aparece com Lula"},"content":{"rendered":"\n<p>Uma das figuras a aparecer pr\u00f3ximo do ex-presidente&nbsp;<a href=\"http:\/\/pleno.news\/tag\/lula\" target=\"_blank\" rel=\"noreferrer noopener\">Lula<\/a>&nbsp;(PT) na noite deste domingo (30), durante o discurso feito por ele ap\u00f3s o resultado do segundo turno das elei\u00e7\u00f5es presidenciais, foi o deputado federal Jos\u00e9 Guimar\u00e3es (PT-CE). Na C\u00e2mara desde 2007, o parlamentar \u00e9 protagonista de um dos esc\u00e2ndalos mais famosos ocorridos durante os governos petistas.<\/p>\n\n\n\n<p>Em 2005, quando o esquema do mensal\u00e3o come\u00e7ou a ser descoberto, o chefe de gabinete de Guimar\u00e3es, Jos\u00e9 Adalberto Vieira, foi preso no embarque do Aeroporto de Congonhas, em\u00a0<a rel=\"noreferrer noopener\" href=\"http:\/\/pleno.news\/tag\/sao-paulo\" target=\"_blank\">S\u00e3o Paulo<\/a>, com 100 mil d\u00f3lares (R$ 530 mil na cota\u00e7\u00e3o atual) escondidos na cueca enquanto aguardava um voo para Fortaleza, capital do Cear\u00e1.<\/p>\n\n\n\n<p>Al\u00e9m da quantia escondida na roupa \u00edntima, o assessor tinha mais R$ 209 mil em uma mala de m\u00e3o. Ap\u00f3s a repercuss\u00e3o do caso, Jos\u00e9 Geno\u00edno, irm\u00e3o de Guimar\u00e3es, deixou a dire\u00e7\u00e3o do PT.<\/p>\n\n\n\n<p>Por conta do caso, o Minist\u00e9rio P\u00fablico Federal (MPF) apresentou uma den\u00fancia na qual associava o dinheiro ao pagamento de propina em contratos do cons\u00f3rcio Sistema de Transmiss\u00e3o do Nordeste e do Banco do Nordeste. No entanto, em agosto de 2021, o caso prescreveu sem que ficasse provada a participa\u00e7\u00e3o de Guimar\u00e3es.<\/p>\n\n\n\n<p>O processo sobre o caso tramitava na Justi\u00e7a Federal do Cear\u00e1, porque o ministro do Supremo Tribunal Federal (STF), Lu\u00eds Roberto Barroso, declarou incompet\u00eancia da Corte para julgar o assunto. Em 2012, o Superior Tribunal de Justi\u00e7a (STJ) j\u00e1 havia inocentado Guimar\u00e3es.<\/p>\n","protected":false},"excerpt":{"rendered":"<p>Uma das figuras a aparecer pr\u00f3ximo do ex-presidente&nbsp;Lula&nbsp;(PT) na noite deste domingo (30), durante o discurso feito por ele ap\u00f3s o resultado do segundo turno das elei\u00e7\u00f5es presidenciais, foi o deputado federal Jos\u00e9 Guimar\u00e3es (PT-CE). Na C\u00e2mara desde 2007, o parlamentar \u00e9 protagonista de um dos esc\u00e2ndalos mais famosos ocorridos durante os governos petistas. Em [&hellip;]<\/p>\n","protected":false},"author":2,"featured_media":13205,"comment_status":"open","ping_status":"open","sticky":false,"template":"","format":"standard","meta":[],"categories":[10],"tags":[],"_links":{"self":[{"href":"https:\/\/dgospel.com.br\/portal\/index.php\/wp-json\/wp\/v2\/posts\/13204"}],"collection":[{"href":"https:\/\/dgospel.com.br\/portal\/index.php\/wp-json\/wp\/v2\/posts"}],"about":[{"href":"https:\/\/dgospel.com.br\/portal\/index.php\/wp-json\/wp\/v2\/types\/post"}],"author":[{"embeddable":true,"href":"https:\/\/dgospel.com.br\/portal\/index.php\/wp-json\/wp\/v2\/users\/2"}],"replies":[{"embeddable":true,"href":"https:\/\/dgospel.com.br\/portal\/index.php\/wp-json\/wp\/v2\/comments?post=13204"}],"version-history":[{"count":1,"href":"https:\/\/dgospel.com.br\/portal\/index.php\/wp-json\/wp\/v2\/posts\/13204\/revisions"}],"predecessor-version":[{"id":13206,"href":"https:\/\/dgospel.com.br\/portal\/index.php\/wp-json\/wp\/v2\/posts\/13204\/revisions\/13206"}],"wp:featuredmedia":[{"embeddable":true,"href":"https:\/\/dgospel.com.br\/portal\/index.php\/wp-json\/wp\/v2\/media\/13205"}],"wp:attachment":[{"href":"https:\/\/dgospel.com.br\/portal\/index.php\/wp-json\/wp\/v2\/media?parent=13204"}],"wp:term":[{"taxonomy":"category","embeddable":true,"href":"https:\/\/dgospel.com.br\/portal\/index.php\/wp-json\/wp\/v2\/categories?post=13204"},{"taxonomy":"post_tag","embeddable":true,"href":"https:\/\/dgospel.com.br\/portal\/index.php\/wp-json\/wp\/v2\/tags?post=13204"}],"curies":[{"name":"wp","href":"https:\/\/api.w.org\/{rel}","templated":true}]}}