{"id":13210,"date":"2022-10-31T09:42:35","date_gmt":"2022-10-31T12:42:35","guid":{"rendered":"http:\/\/dgospel.com.br\/portal\/?p=13210"},"modified":"2022-10-31T09:42:36","modified_gmt":"2022-10-31T12:42:36","slug":"aliados-de-bolsonaro-prometem-fazer-oposicao-a-lula","status":"publish","type":"post","link":"https:\/\/dgospel.com.br\/portal\/index.php\/2022\/10\/31\/aliados-de-bolsonaro-prometem-fazer-oposicao-a-lula\/","title":{"rendered":"Aliados de Bolsonaro prometem fazer oposi\u00e7\u00e3o a Lula"},"content":{"rendered":"\n<p>Pol\u00edticos eleitos este ano que s\u00e3o aliados do presidente Jair Bolsonaro (PL) se manifestam nas redes sociais ao longo da noite deste domingo (30) para comentar a elei\u00e7\u00e3o de Luiz In\u00e1cio Lula da Silva (PT).<\/p>\n\n\n\n<p>As mensagens lamentam o retorno do petista ao poder ap\u00f3s protagonizar o maior esc\u00e2ndalo de corrup\u00e7\u00e3o da hist\u00f3ria do pa\u00eds. Eles tamb\u00e9m se comprometem a fazer oposi\u00e7\u00e3o no Congresso Nacional.<\/p>\n\n\n\n<p>Entre os que se manifestaram temos o ex-juiz S\u00e9rgio Moro, eleito senador pelo Paran\u00e1, e o ex-procurador da Lava Jato, Deltan Dallagnol, pe\u00e7as chaves na investiga\u00e7\u00e3o de corrup\u00e7\u00e3o que ligou o petista ao desvio de bilh\u00f5es de reais dos cofres p\u00fablicos.<\/p>\n\n\n\n<p>\u2013 A democracia \u00e9 assim. O resultado de uma elei\u00e7\u00e3o n\u00e3o pode superar o dever de responsabilidade que temos com o Brasil. Vamos trabalhar pela uni\u00e3o dos que querem o bem do pa\u00eds. Estarei sempre ao lado do que \u00e9 certo! Estarei na oposi\u00e7\u00e3o em 2023, respeitando a vontade dos paranaenses.<\/p>\n\n\n\n<p>Dallagnol tamb\u00e9m ser\u00e1 op\u00e7\u00e3o, mas em sua mensagem, ele pontua que o retorno de Lula para a Presid\u00eancia \u00e9 negativo para o Brasil.<\/p>\n\n\n\n<p>\u2013 N\u00e3o existe democracia sem oposi\u00e7\u00e3o. Lula \u00e9 um retrocesso moral e econ\u00f4mico. Farei no Congresso oposi\u00e7\u00e3o qualificada ao projeto de domina\u00e7\u00e3o e perpetua\u00e7\u00e3o no poder do PT. Defenderei o cumprimento da lei, pol\u00edticas p\u00fablicas com base em evid\u00eancias e os valores crist\u00e3os \u2013 escreveu.<\/p>\n\n\n\n<p>Quem tamb\u00e9m se manifestou foram: Magno Malta, Carla Zambelli, Marcel Van Hattem, Chris Tonietto, Damares Alves e Marco Feliciano. Confira as mensagens:<\/p>\n\n\n\n<figure class=\"wp-block-image\"><img src=\"https:\/\/static.cdn.pleno.news\/2022\/10\/WhatsApp-Image-2022-10-30-at-23.01.34-768x588.jpeg\" alt=\"Aliados do presidente Bolsonaro lamentam resultados\" title=\"Aliados do presidente Bolsonaro lamentam resultados\"\/><figcaption>Aliados do presidente Bolsonaro lamentam resultados&nbsp;\/ Foto: Reprodu\u00e7\u00e3o<\/figcaption><\/figure>\n\n\n\n<figure class=\"wp-block-image\"><img src=\"https:\/\/static.cdn.pleno.news\/2022\/10\/WhatsApp-Image-2022-10-30-at-23.01.15.jpeg\" alt=\"Aliados do presidente Bolsonaro lamentam resultados\" title=\"Aliados do presidente Bolsonaro lamentam resultados\"\/><figcaption>Aliados do presidente Bolsonaro lamentam resultados&nbsp;\/ Foto: Reprodu\u00e7\u00e3o<\/figcaption><\/figure>\n\n\n\n<figure class=\"wp-block-image\"><img src=\"https:\/\/static.cdn.pleno.news\/2022\/10\/WhatsApp-Image-2022-10-30-at-22.49.35-768x1232.jpeg\" alt=\"Aliados do presidente Bolsonaro lamentam resultados\" title=\"Aliados do presidente Bolsonaro lamentam resultados\"\/><figcaption>Aliados do presidente Bolsonaro lamentam resultados&nbsp;\/ Foto: Reprodu\u00e7\u00e3o<\/figcaption><\/figure>\n\n\n\n<figure class=\"wp-block-image\"><img src=\"https:\/\/static.cdn.pleno.news\/2022\/10\/WhatsApp-Image-2022-10-30-at-22.49.57-768x1268.jpeg\" alt=\"Aliados do presidente Bolsonaro lamentam resultados\" title=\"Aliados do presidente Bolsonaro lamentam resultados\"\/><figcaption>Aliados do presidente Bolsonaro lamentam resultados&nbsp;\/ Foto: Reprodu\u00e7\u00e3o<\/figcaption><\/figure>\n\n\n\n<figure class=\"wp-block-image\"><img src=\"https:\/\/static.cdn.pleno.news\/2022\/10\/WhatsApp-Image-2022-10-30-at-22.50.26-768x1194.jpeg\" alt=\"Aliados do presidente Bolsonaro lamentam resultados\" title=\"Aliados do presidente Bolsonaro lamentam resultados\"\/><figcaption>Aliados do presidente Bolsonaro lamentam resultados&nbsp;\/ Foto: Reprodu\u00e7\u00e3o<\/figcaption><\/figure>\n\n\n\n<figure class=\"wp-block-image\"><img src=\"https:\/\/static.cdn.pleno.news\/2022\/10\/WhatsApp-Image-2022-10-30-at-22.50.57.jpeg\" alt=\"Aliados do presidente Bolsonaro lamentam resultados\" title=\"Aliados do presidente Bolsonaro lamentam resultados\"\/><figcaption>Aliados do presidente Bolsonaro lamentam resultados&nbsp;\/ Foto: Reprodu\u00e7\u00e3o<\/figcaption><\/figure>\n\n\n\n<figure class=\"wp-block-image\"><img src=\"https:\/\/static.cdn.pleno.news\/2022\/10\/WhatsApp-Image-2022-10-30-at-22.51.24-768x787.jpeg\" alt=\"Aliados do presidente Bolsonaro lamentam resultados\" title=\"Aliados do presidente Bolsonaro lamentam resultados\"\/><figcaption>Aliados do presidente Bolsonaro lamentam resultados&nbsp;\/ Foto: Reprodu\u00e7\u00e3o<\/figcaption><\/figure>\n\n\n\n<ul><li>1&nbsp;de 7<\/li><\/ul>\n","protected":false},"excerpt":{"rendered":"<p>Pol\u00edticos eleitos este ano que s\u00e3o aliados do presidente Jair Bolsonaro (PL) se manifestam nas redes sociais ao longo da noite deste domingo (30) para comentar a elei\u00e7\u00e3o de Luiz In\u00e1cio Lula da Silva (PT). As mensagens lamentam o retorno do petista ao poder ap\u00f3s protagonizar o maior esc\u00e2ndalo de corrup\u00e7\u00e3o da hist\u00f3ria do pa\u00eds. [&hellip;]<\/p>\n","protected":false},"author":2,"featured_media":13211,"comment_status":"open","ping_status":"open","sticky":false,"template":"","format":"standard","meta":[],"categories":[8],"tags":[],"_links":{"self":[{"href":"https:\/\/dgospel.com.br\/portal\/index.php\/wp-json\/wp\/v2\/posts\/13210"}],"collection":[{"href":"https:\/\/dgospel.com.br\/portal\/index.php\/wp-json\/wp\/v2\/posts"}],"about":[{"href":"https:\/\/dgospel.com.br\/portal\/index.php\/wp-json\/wp\/v2\/types\/post"}],"author":[{"embeddable":true,"href":"https:\/\/dgospel.com.br\/portal\/index.php\/wp-json\/wp\/v2\/users\/2"}],"replies":[{"embeddable":true,"href":"https:\/\/dgospel.com.br\/portal\/index.php\/wp-json\/wp\/v2\/comments?post=13210"}],"version-history":[{"count":1,"href":"https:\/\/dgospel.com.br\/portal\/index.php\/wp-json\/wp\/v2\/posts\/13210\/revisions"}],"predecessor-version":[{"id":13212,"href":"https:\/\/dgospel.com.br\/portal\/index.php\/wp-json\/wp\/v2\/posts\/13210\/revisions\/13212"}],"wp:featuredmedia":[{"embeddable":true,"href":"https:\/\/dgospel.com.br\/portal\/index.php\/wp-json\/wp\/v2\/media\/13211"}],"wp:attachment":[{"href":"https:\/\/dgospel.com.br\/portal\/index.php\/wp-json\/wp\/v2\/media?parent=13210"}],"wp:term":[{"taxonomy":"category","embeddable":true,"href":"https:\/\/dgospel.com.br\/portal\/index.php\/wp-json\/wp\/v2\/categories?post=13210"},{"taxonomy":"post_tag","embeddable":true,"href":"https:\/\/dgospel.com.br\/portal\/index.php\/wp-json\/wp\/v2\/tags?post=13210"}],"curies":[{"name":"wp","href":"https:\/\/api.w.org\/{rel}","templated":true}]}}