{"id":13219,"date":"2022-10-31T10:33:31","date_gmt":"2022-10-31T13:33:31","guid":{"rendered":"http:\/\/dgospel.com.br\/portal\/?p=13219"},"modified":"2022-10-31T10:33:32","modified_gmt":"2022-10-31T13:33:32","slug":"caminhoneiros-e-produtores-rurais-interditam-rodovias","status":"publish","type":"post","link":"https:\/\/dgospel.com.br\/portal\/index.php\/2022\/10\/31\/caminhoneiros-e-produtores-rurais-interditam-rodovias\/","title":{"rendered":"Caminhoneiros e produtores rurais interditam rodovias"},"content":{"rendered":"\n<p>V\u00eddeos que circulam nas redes sociais mostram produtores rurais e caminhoneiros interditando rodovias ap\u00f3s o resultado do segundo turno das elei\u00e7\u00f5es presidenciais, neste domingo (30). Com 98% das urnas apuradas o resultado da elei\u00e7\u00e3o presidencial foi definido: o ex-presidente Lula (PT) ter\u00e1 um terceiro mandato \u00e0 frente da Presid\u00eancia da Rep\u00fablica.<\/p>\n\n\n\n<p>Ap\u00f3s comandar o pa\u00eds entre 2003 e 2010, em um governo marcado por in\u00fameras den\u00fancias de corrup\u00e7\u00e3o, o petista voltar\u00e1 ao Planalto em 2023. At\u00e9 19h58 deste domingo, o petista aparecia com 50,83% dos votos v\u00e1lidos, contra 49,17% do presidente Jair Bolsonaro (PL). Enquanto Lula registrava 59,6 milh\u00f5es de votos, o atual presidente tinha 57,6 milh\u00f5es de votos.<\/p>\n\n\n\n<figure class=\"wp-block-embed is-type-video is-provider-youtube wp-block-embed-youtube wp-embed-aspect-16-9 wp-has-aspect-ratio\"><div class=\"wp-block-embed__wrapper\">\n<iframe loading=\"lazy\" title=\"Caminhoneiros fecham BR-163 em MT e dizem que n\u00e3o aceitam vit\u00f3ria de Lula\" width=\"630\" height=\"354\" src=\"https:\/\/www.youtube.com\/embed\/pOBFJLkSDvQ?feature=oembed\" frameborder=\"0\" allow=\"accelerometer; autoplay; clipboard-write; encrypted-media; gyroscope; picture-in-picture\" allowfullscreen><\/iframe>\n<\/div><\/figure>\n\n\n\n<p>A elei\u00e7\u00e3o do petista acontece ap\u00f3s menos de tr\u00eas anos depois de ele ser solto. Diante do resultado, manifesta\u00e7\u00f5es ocorreram no interior de Mato Grosso e de Santa Catarina, como Crici\u00fama e Itaja\u00ed.<\/p>\n\n\n\n<p>Em alguns dos v\u00eddeos, manifestantes pedem interven\u00e7\u00e3o do Ex\u00e9rcito e afirmam que s\u00f3 ir\u00e3o sair das rodovias com o Ex\u00e9rcito.<\/p>\n\n\n\n<figure class=\"wp-block-image\"><img src=\"https:\/\/static.cdn.pleno.news\/2022\/10\/Screenshot-53-1.png\" alt=\"\" class=\"wp-image-1035913\"\/><\/figure>\n\n\n\n<p>Em Mato Grosso, a concession\u00e1ria Rota do Oeste informou manifesta\u00e7\u00f5es com fechamento da BR-163 em Nova Mutum, km 594, sentido sul; Lucas do Rio Verde, no km 691; Sorriso, km 746; e Sinop, no km 835.<\/p>\n\n\n\n<p>\u2013 A concession\u00e1ria segue acompanhando, sem interfer\u00eancia, as manifesta\u00e7\u00f5es com foco na seguran\u00e7a vi\u00e1ria \u2013 informou.<\/p>\n\n\n\n<figure class=\"wp-block-image\"><img src=\"https:\/\/static.cdn.pleno.news\/2022\/10\/Screenshot-51.png\" alt=\"\" class=\"wp-image-1035914\"\/><\/figure>\n\n\n\n<p>A Pol\u00edcia Rodovi\u00e1ria Federal (PRF) do Mato Grosso disse ter v\u00e1rias equipes operacionais em deslocamento para o Norte do estado.<\/p>\n\n\n\n<p>*AE<\/p>\n","protected":false},"excerpt":{"rendered":"<p>V\u00eddeos que circulam nas redes sociais mostram produtores rurais e caminhoneiros interditando rodovias ap\u00f3s o resultado do segundo turno das elei\u00e7\u00f5es presidenciais, neste domingo (30). Com 98% das urnas apuradas o resultado da elei\u00e7\u00e3o presidencial foi definido: o ex-presidente Lula (PT) ter\u00e1 um terceiro mandato \u00e0 frente da Presid\u00eancia da Rep\u00fablica. Ap\u00f3s comandar o pa\u00eds [&hellip;]<\/p>\n","protected":false},"author":2,"featured_media":13220,"comment_status":"open","ping_status":"open","sticky":false,"template":"","format":"standard","meta":[],"categories":[10],"tags":[],"_links":{"self":[{"href":"https:\/\/dgospel.com.br\/portal\/index.php\/wp-json\/wp\/v2\/posts\/13219"}],"collection":[{"href":"https:\/\/dgospel.com.br\/portal\/index.php\/wp-json\/wp\/v2\/posts"}],"about":[{"href":"https:\/\/dgospel.com.br\/portal\/index.php\/wp-json\/wp\/v2\/types\/post"}],"author":[{"embeddable":true,"href":"https:\/\/dgospel.com.br\/portal\/index.php\/wp-json\/wp\/v2\/users\/2"}],"replies":[{"embeddable":true,"href":"https:\/\/dgospel.com.br\/portal\/index.php\/wp-json\/wp\/v2\/comments?post=13219"}],"version-history":[{"count":1,"href":"https:\/\/dgospel.com.br\/portal\/index.php\/wp-json\/wp\/v2\/posts\/13219\/revisions"}],"predecessor-version":[{"id":13221,"href":"https:\/\/dgospel.com.br\/portal\/index.php\/wp-json\/wp\/v2\/posts\/13219\/revisions\/13221"}],"wp:featuredmedia":[{"embeddable":true,"href":"https:\/\/dgospel.com.br\/portal\/index.php\/wp-json\/wp\/v2\/media\/13220"}],"wp:attachment":[{"href":"https:\/\/dgospel.com.br\/portal\/index.php\/wp-json\/wp\/v2\/media?parent=13219"}],"wp:term":[{"taxonomy":"category","embeddable":true,"href":"https:\/\/dgospel.com.br\/portal\/index.php\/wp-json\/wp\/v2\/categories?post=13219"},{"taxonomy":"post_tag","embeddable":true,"href":"https:\/\/dgospel.com.br\/portal\/index.php\/wp-json\/wp\/v2\/tags?post=13219"}],"curies":[{"name":"wp","href":"https:\/\/api.w.org\/{rel}","templated":true}]}}