{"id":1322,"date":"2018-09-14T10:03:12","date_gmt":"2018-09-14T13:03:12","guid":{"rendered":"http:\/\/dgospel.com.br\/portal\/?p=1322"},"modified":"2018-09-14T10:03:12","modified_gmt":"2018-09-14T13:03:12","slug":"em-palmas-carlesse-prega-respeito-aos-servidores-sao-o-nosso-ouro-e-sempre-serao-valorizados","status":"publish","type":"post","link":"https:\/\/dgospel.com.br\/portal\/index.php\/2018\/09\/14\/em-palmas-carlesse-prega-respeito-aos-servidores-sao-o-nosso-ouro-e-sempre-serao-valorizados\/","title":{"rendered":"Em Palmas, Carlesse prega respeito aos servidores: \u201cs\u00e3o o nosso ouro e sempre ser\u00e3o valorizados\u201d"},"content":{"rendered":"<p class=\"yiv6740899366MsoNormal\">O Governador e candidato \u00e0 reelei\u00e7\u00e3o, Mauro Carlesse (PHS), participou na noite desta quinta-feira, 13, do lan\u00e7amento da candidatura \u00e0 reelei\u00e7\u00e3o do deputado federal Lazaro Botelho (Progressistas) em Palmas, num evento que reuniu lideran\u00e7as pol\u00edticas, candidatos e comunidade no audit\u00f3rio da Associa\u00e7\u00e3o Tocantinense de Munic\u00edpios (ATM).<\/p>\n<p class=\"yiv6740899366MsoNormal\">Mais uma vez, Carlesse foi recebido com entusiasmo pelos eleitores da Capital, que fizeram quest\u00e3o de abra\u00e7ar e registrar o encontro com o Governador. Em seu discurso, ele destacou o empenho do seu Governo para mudar a realidade do Estado em \u00e1reas como sa\u00fade, educa\u00e7\u00e3o e seguran\u00e7a p\u00fablica.<\/p>\n<p class=\"yiv6740899366MsoNormal\">Dentre as medidas j\u00e1 adotadas em sua atual gest\u00e3o, o Governador lembrou tamb\u00e9m do pagamento em dia aos servidores p\u00fablicos, apontando que j\u00e1 conseguiu fazer com que grande parte dos servidores voltasse a receber seus sal\u00e1rios no dia 1\u00ba de cada m\u00eas, o que n\u00e3o acontecia desde 2015. Neste momento, enfatizou o respeito que tem por aqueles que trabalham para garantir o atendimento das demandas da popula\u00e7\u00e3o. \u201cOs servidores s\u00e3o o nosso ouro; s\u00e3o as pessoas que atendem a nossa comunidade e sempre ser\u00e3o valorizados. Eu quero ter o orgulho de sempre ter o respeito dos servidores. N\u00f3s vamos trabalhar para isso\u201d, enfatizou.<\/p>\n<p class=\"yiv6740899366MsoNormal\">Ao falar da sa\u00fade, Carlesse lembrou da import\u00e2ncia do programa Opera Tocantins para a popula\u00e7\u00e3o. \u201cPor mais que nossos advers\u00e1rios falem, o povo est\u00e1 sendo atendido, gra\u00e7as a Deus. J\u00e1 fizemos milhares de cirurgias e eu espero, num prazo muito em breve, que n\u00e3o tenha mais ningu\u00e9m em fila e que as pessoas possam ser atendidas na hora. Para isso, vamos trabalhar firmemente com nossos deputados e senadores\u201d, destacou.<\/p>\n<p class=\"yiv6740899366MsoNormal\">Anfitri\u00e3o, L\u00e1zaro Botelho reafirmou sua confian\u00e7a em Carlesse para governar o Estado. \u201cNesses primeiros dias de Governo, o que ele prometeu, est\u00e1 cumprindo. O Carlesse merece todo o nosso respeito e vamos eleg\u00ea-lo no dia 7 de outubro. N\u00f3s precisamos ter quatro anos de progresso\u201d, frisou, acrescentando que, se reeleito na C\u00e2mara Federal, vai se empenhar para buscar recursos para ajudar o Governador a desenvolver grandes projetos no Tocantins.<\/p>\n<p class=\"yiv6740899366MsoNormal\">A qualidade e compet\u00eancia da chapa majorit\u00e1ria da coliga\u00e7\u00e3o Governo de Atitude, composta por Carlesse e os candidatos ao Senado Eduardo Gomes (Solidariedade) e C\u00e9sar Halum (PRB) tamb\u00e9m foram destaque nos discursos dos candidatos. Presentes no evento, eles refor\u00e7aram a necessidade de se eleger senadores alinhados com o Executivo estadual, para que defendam no Congresso os projetos que v\u00e3o beneficiar o Tocantins.<\/p>\n<p class=\"yiv6740899366MsoNormal\"><b>Respeito aos aliados<\/b><\/p>\n<p class=\"yiv6740899366MsoNormal\">Reconhecendo o empenho dos l\u00edderes pol\u00edticos da Capital que fazem parte da sua base aliada, Carlesse lembrou da expressiva vota\u00e7\u00e3o que obteve em Palmas na elei\u00e7\u00e3o suplementar. \u201cEu fiquei at\u00e9 surpreso com a vota\u00e7\u00e3o. Olha a for\u00e7a desses homens!\u201d, frisou o Governador sobre o papel decisivo das lideran\u00e7as no processo eleitoral.<\/p>\n<p class=\"yiv6740899366MsoNormal\">Tamb\u00e9m participaram da festa de lan\u00e7amento da candidatura de Botelho em Palmas a deputada estadual e candidata \u00e0 reelei\u00e7\u00e3o Valderez Castelo Branco (Progressitas), o deputado estadual Ivory de Lira, o vereador e presidente metropolitano do Progressistas, Milton Neres, dentre outros.<\/p>\n","protected":false},"excerpt":{"rendered":"<p>O Governador e candidato \u00e0 reelei\u00e7\u00e3o, Mauro Carlesse (PHS), participou na noite desta quinta-feira, 13, do lan\u00e7amento da candidatura \u00e0 reelei\u00e7\u00e3o do deputado federal Lazaro Botelho (Progressistas) em Palmas, num evento que reuniu lideran\u00e7as pol\u00edticas, candidatos e comunidade no audit\u00f3rio da Associa\u00e7\u00e3o Tocantinense de Munic\u00edpios (ATM). Mais uma vez, Carlesse foi recebido com entusiasmo pelos [&hellip;]<\/p>\n","protected":false},"author":2,"featured_media":1323,"comment_status":"open","ping_status":"open","sticky":false,"template":"","format":"standard","meta":[],"categories":[2,4],"tags":[],"_links":{"self":[{"href":"https:\/\/dgospel.com.br\/portal\/index.php\/wp-json\/wp\/v2\/posts\/1322"}],"collection":[{"href":"https:\/\/dgospel.com.br\/portal\/index.php\/wp-json\/wp\/v2\/posts"}],"about":[{"href":"https:\/\/dgospel.com.br\/portal\/index.php\/wp-json\/wp\/v2\/types\/post"}],"author":[{"embeddable":true,"href":"https:\/\/dgospel.com.br\/portal\/index.php\/wp-json\/wp\/v2\/users\/2"}],"replies":[{"embeddable":true,"href":"https:\/\/dgospel.com.br\/portal\/index.php\/wp-json\/wp\/v2\/comments?post=1322"}],"version-history":[{"count":1,"href":"https:\/\/dgospel.com.br\/portal\/index.php\/wp-json\/wp\/v2\/posts\/1322\/revisions"}],"predecessor-version":[{"id":1324,"href":"https:\/\/dgospel.com.br\/portal\/index.php\/wp-json\/wp\/v2\/posts\/1322\/revisions\/1324"}],"wp:featuredmedia":[{"embeddable":true,"href":"https:\/\/dgospel.com.br\/portal\/index.php\/wp-json\/wp\/v2\/media\/1323"}],"wp:attachment":[{"href":"https:\/\/dgospel.com.br\/portal\/index.php\/wp-json\/wp\/v2\/media?parent=1322"}],"wp:term":[{"taxonomy":"category","embeddable":true,"href":"https:\/\/dgospel.com.br\/portal\/index.php\/wp-json\/wp\/v2\/categories?post=1322"},{"taxonomy":"post_tag","embeddable":true,"href":"https:\/\/dgospel.com.br\/portal\/index.php\/wp-json\/wp\/v2\/tags?post=1322"}],"curies":[{"name":"wp","href":"https:\/\/api.w.org\/{rel}","templated":true}]}}