{"id":13222,"date":"2022-10-31T10:36:43","date_gmt":"2022-10-31T13:36:43","guid":{"rendered":"http:\/\/dgospel.com.br\/portal\/?p=13222"},"modified":"2022-10-31T10:36:44","modified_gmt":"2022-10-31T13:36:44","slug":"zambelli-posta-texto-da-biblia-e-avisa-serei-a-maior-oposicao","status":"publish","type":"post","link":"https:\/\/dgospel.com.br\/portal\/index.php\/2022\/10\/31\/zambelli-posta-texto-da-biblia-e-avisa-serei-a-maior-oposicao\/","title":{"rendered":"Zambelli posta texto da B\u00edblia e avisa: \u2018Serei a maior oposi\u00e7\u00e3o\u2019"},"content":{"rendered":"\n<p>A deputada federal Carla Zambelli (PL-SP) usou as redes sociais, neste domingo (30), para comentar a elei\u00e7\u00e3o de Luiz In\u00e1cio Lula da Silva (PT). Ela citou um texto b\u00edblico, do Salmo 23, e afirmou que ser\u00e1 a \u201cmaior oposi\u00e7\u00e3o\u201d que o petista \u201cjamais imaginou ter\u201d.<\/p>\n\n\n\n<p>\u2013 Ainda que eu ande pelo vale das sombras, n\u00e3o temerei, porque Tu Senhor Deus est\u00e1s comigo. O sonho de liberdade de mais de 51 milh\u00f5es de brasileiros continua vivo. E lhes PROMETO, serei a maior oposi\u00e7\u00e3o que lula jamais imaginou ter \u2013 escreveu a parlamentar.<\/p>\n\n\n\n<p>Com 98% das urnas apuradas o resultado da elei\u00e7\u00e3o presidencial foi definido: o ex-presidente Lula (PT) ter\u00e1 um terceiro mandato \u00e0 frente da Presid\u00eancia da Rep\u00fablica. Ap\u00f3s comandar o pa\u00eds entre 2003 e 2010, em um governo marcado por in\u00fameras den\u00fancias de corrup\u00e7\u00e3o, o petista voltar\u00e1 ao Planalto em 2023.<\/p>\n\n\n\n<p>At\u00e9 19h58 deste domingo (30), o petista aparecia com 50,83% dos votos v\u00e1lidos, contra 49,17% do presidente Jair Bolsonaro (PL). Enquanto Lula registrava 59,6 milh\u00f5es de votos, o atual presidente tinha 57,6 milh\u00f5es de votos. A elei\u00e7\u00e3o do petista acontece ap\u00f3s menos de tr\u00eas anos depois de ele ser solto.<\/p>\n\n\n\n<figure class=\"wp-block-image\"><img src=\"https:\/\/static.cdn.pleno.news\/2022\/10\/Screenshot-40-1.png\" alt=\"\" class=\"wp-image-1035804\"\/><\/figure>\n","protected":false},"excerpt":{"rendered":"<p>A deputada federal Carla Zambelli (PL-SP) usou as redes sociais, neste domingo (30), para comentar a elei\u00e7\u00e3o de Luiz In\u00e1cio Lula da Silva (PT). Ela citou um texto b\u00edblico, do Salmo 23, e afirmou que ser\u00e1 a \u201cmaior oposi\u00e7\u00e3o\u201d que o petista \u201cjamais imaginou ter\u201d. \u2013 Ainda que eu ande pelo vale das sombras, n\u00e3o [&hellip;]<\/p>\n","protected":false},"author":2,"featured_media":13223,"comment_status":"open","ping_status":"open","sticky":false,"template":"","format":"standard","meta":[],"categories":[8],"tags":[],"_links":{"self":[{"href":"https:\/\/dgospel.com.br\/portal\/index.php\/wp-json\/wp\/v2\/posts\/13222"}],"collection":[{"href":"https:\/\/dgospel.com.br\/portal\/index.php\/wp-json\/wp\/v2\/posts"}],"about":[{"href":"https:\/\/dgospel.com.br\/portal\/index.php\/wp-json\/wp\/v2\/types\/post"}],"author":[{"embeddable":true,"href":"https:\/\/dgospel.com.br\/portal\/index.php\/wp-json\/wp\/v2\/users\/2"}],"replies":[{"embeddable":true,"href":"https:\/\/dgospel.com.br\/portal\/index.php\/wp-json\/wp\/v2\/comments?post=13222"}],"version-history":[{"count":1,"href":"https:\/\/dgospel.com.br\/portal\/index.php\/wp-json\/wp\/v2\/posts\/13222\/revisions"}],"predecessor-version":[{"id":13224,"href":"https:\/\/dgospel.com.br\/portal\/index.php\/wp-json\/wp\/v2\/posts\/13222\/revisions\/13224"}],"wp:featuredmedia":[{"embeddable":true,"href":"https:\/\/dgospel.com.br\/portal\/index.php\/wp-json\/wp\/v2\/media\/13223"}],"wp:attachment":[{"href":"https:\/\/dgospel.com.br\/portal\/index.php\/wp-json\/wp\/v2\/media?parent=13222"}],"wp:term":[{"taxonomy":"category","embeddable":true,"href":"https:\/\/dgospel.com.br\/portal\/index.php\/wp-json\/wp\/v2\/categories?post=13222"},{"taxonomy":"post_tag","embeddable":true,"href":"https:\/\/dgospel.com.br\/portal\/index.php\/wp-json\/wp\/v2\/tags?post=13222"}],"curies":[{"name":"wp","href":"https:\/\/api.w.org\/{rel}","templated":true}]}}