{"id":13225,"date":"2022-10-31T10:49:31","date_gmt":"2022-10-31T13:49:31","guid":{"rendered":"http:\/\/dgospel.com.br\/portal\/?p=13225"},"modified":"2022-10-31T10:49:33","modified_gmt":"2022-10-31T13:49:33","slug":"damares-bolsonaro-deixara-a-presidencia-de-cabeca-erguida","status":"publish","type":"post","link":"https:\/\/dgospel.com.br\/portal\/index.php\/2022\/10\/31\/damares-bolsonaro-deixara-a-presidencia-de-cabeca-erguida\/","title":{"rendered":"Damares: \u201cBolsonaro deixar\u00e1 a Presid\u00eancia de cabe\u00e7a erguida\u201d"},"content":{"rendered":"\n<p>A ex-ministra da Mulher, da Fam\u00edlia e dos Direitos Humanos e senadora eleita pelo Distrito Federal, Damares Alves (Republicanos) se manifestou a respeito da vit\u00f3ria de Lula (PT) no segundo turno das elei\u00e7\u00f5es presidenciais, neste domingo (30). Ela divulgou uma nota por meio das redes sociais.<\/p>\n\n\n\n<p>Com 98% das urnas apuradas o resultado da elei\u00e7\u00e3o presidencial foi definido: o ex-presidente Lula (PT) ter\u00e1 um terceiro mandato \u00e0 frente da Presid\u00eancia da Rep\u00fablica. Ap\u00f3s comandar o pa\u00eds entre 2003 e 2010, em um governo marcado por in\u00fameras den\u00fancias de corrup\u00e7\u00e3o, o petista voltar\u00e1 ao Planalto em 2023.<\/p>\n\n\n\n<p>At\u00e9 19h58 deste domingo (30), o petista aparecia com 50,83% dos votos v\u00e1lidos, contra 49,17% do presidente Jair Bolsonaro (PL). Enquanto Lula registrava 59,6 milh\u00f5es de votos, o atual presidente tinha 57,6 milh\u00f5es de votos. A elei\u00e7\u00e3o do petista acontece ap\u00f3s menos de tr\u00eas anos depois de ele ser solto.<\/p>\n\n\n\n<p>No comunicado, Damares destacou que \u201cperdemos uma elei\u00e7\u00e3o, mas n\u00e3o perdemos o amor pelo nosso pa\u00eds\u201d.<\/p>\n\n\n\n<p>\u2013 Perdemos uma elei\u00e7\u00e3o, mas n\u00e3o perdemos o amor pelo nosso pa\u00eds.<\/p>\n\n\n\n<p>E acrescentou:<\/p>\n\n\n\n<p>\u2013 Bolsonaro deixar\u00e1 a Presid\u00eancia da Rep\u00fablica em janeiro de cabe\u00e7a erguida, com a certeza do dever cumprido e amado por milh\u00f5es de brasileiros.<\/p>\n\n\n\n<figure class=\"wp-block-image\"><img src=\"https:\/\/static.cdn.pleno.news\/2022\/10\/Screenshot-48.png\" alt=\"\" class=\"wp-image-1035897\"\/><\/figure>\n","protected":false},"excerpt":{"rendered":"<p>A ex-ministra da Mulher, da Fam\u00edlia e dos Direitos Humanos e senadora eleita pelo Distrito Federal, Damares Alves (Republicanos) se manifestou a respeito da vit\u00f3ria de Lula (PT) no segundo turno das elei\u00e7\u00f5es presidenciais, neste domingo (30). Ela divulgou uma nota por meio das redes sociais. Com 98% das urnas apuradas o resultado da elei\u00e7\u00e3o [&hellip;]<\/p>\n","protected":false},"author":2,"featured_media":13226,"comment_status":"open","ping_status":"open","sticky":false,"template":"","format":"standard","meta":[],"categories":[4],"tags":[],"_links":{"self":[{"href":"https:\/\/dgospel.com.br\/portal\/index.php\/wp-json\/wp\/v2\/posts\/13225"}],"collection":[{"href":"https:\/\/dgospel.com.br\/portal\/index.php\/wp-json\/wp\/v2\/posts"}],"about":[{"href":"https:\/\/dgospel.com.br\/portal\/index.php\/wp-json\/wp\/v2\/types\/post"}],"author":[{"embeddable":true,"href":"https:\/\/dgospel.com.br\/portal\/index.php\/wp-json\/wp\/v2\/users\/2"}],"replies":[{"embeddable":true,"href":"https:\/\/dgospel.com.br\/portal\/index.php\/wp-json\/wp\/v2\/comments?post=13225"}],"version-history":[{"count":1,"href":"https:\/\/dgospel.com.br\/portal\/index.php\/wp-json\/wp\/v2\/posts\/13225\/revisions"}],"predecessor-version":[{"id":13227,"href":"https:\/\/dgospel.com.br\/portal\/index.php\/wp-json\/wp\/v2\/posts\/13225\/revisions\/13227"}],"wp:featuredmedia":[{"embeddable":true,"href":"https:\/\/dgospel.com.br\/portal\/index.php\/wp-json\/wp\/v2\/media\/13226"}],"wp:attachment":[{"href":"https:\/\/dgospel.com.br\/portal\/index.php\/wp-json\/wp\/v2\/media?parent=13225"}],"wp:term":[{"taxonomy":"category","embeddable":true,"href":"https:\/\/dgospel.com.br\/portal\/index.php\/wp-json\/wp\/v2\/categories?post=13225"},{"taxonomy":"post_tag","embeddable":true,"href":"https:\/\/dgospel.com.br\/portal\/index.php\/wp-json\/wp\/v2\/tags?post=13225"}],"curies":[{"name":"wp","href":"https:\/\/api.w.org\/{rel}","templated":true}]}}