{"id":13231,"date":"2022-10-31T16:53:09","date_gmt":"2022-10-31T19:53:09","guid":{"rendered":"http:\/\/dgospel.com.br\/portal\/?p=13231"},"modified":"2022-10-31T16:53:10","modified_gmt":"2022-10-31T19:53:10","slug":"nao-vamos-desistir-do-nosso-pais-diz-flavio-bolsonaro","status":"publish","type":"post","link":"https:\/\/dgospel.com.br\/portal\/index.php\/2022\/10\/31\/nao-vamos-desistir-do-nosso-pais-diz-flavio-bolsonaro\/","title":{"rendered":"&#8216;N\u00e3o vamos desistir do nosso pa\u00eds&#8217;, diz Fl\u00e1vio Bolsonaro\u00a0"},"content":{"rendered":"\n<p>O senador Fl\u00e1vio Bolsonaro (PL-RJ) usou as redes sociais, nesta segunda-feira (31), para agradecer aos eleitores que votaram no atual presidente da Rep\u00fablica, Jair Bolsonaro (PL). O filho 01 do chefe do Executivo federal est\u00e1 no Pal\u00e1cio do Planalto desde a manh\u00e3 e deve acompanhar o primeiro pronunciamento do pai ap\u00f3s perder a reelei\u00e7\u00e3o para Luiz In\u00e1cio Lula da Silva (PT).\u00a0<\/p>\n\n\n\n<p>Fl\u00e1vio falou em resgate do patriotismo e disse que o pa\u00eds est\u00e1 dando certo. &#8220;Vamos erguer a cabe\u00e7a e n\u00e3o vamos desistir do nosso Brasil! Deus no comando&#8221;, escreveu.&nbsp;<\/p>\n\n\n\n<p>Essa foi a primeira mensagem de agradecimento aos eleitores de Bolsonaro por parte da fam\u00edlia. O presidente da Rep\u00fablica ainda n\u00e3o se pronunciou, mas deve quebrar o sil\u00eancio ainda hoje, em uma mensagem direcionada aos apoiadores.\u00a0<\/p>\n\n\n\n<p><blockquote class=\"twitter-tweet\" data-width=\"550\" data-dnt=\"true\"><p lang=\"pt\" dir=\"ltr\">Obrigado a cada um que nos ajudou a resgatar o patriotismo, que orou, rezou, foi para as ruas, deu seu suor pelo pa\u00eds que est\u00e1 dando certo e deu a Bolsonaro a maior vota\u00e7\u00e3o de sua vida! Vamos erguer a cabe\u00e7a e n\u00e3o vamos desistir do nosso Brasil! Deus no comando!<\/p>&mdash; Flavio Bolsonaro #B22 (@FlavioBolsonaro) <a href=\"https:\/\/twitter.com\/FlavioBolsonaro\/status\/1587154720094932996?ref_src=twsrc%5Etfw\">October 31, 2022<\/a><\/blockquote><script async src=\"https:\/\/platform.twitter.com\/widgets.js\" charset=\"utf-8\"><\/script><\/p>\n","protected":false},"excerpt":{"rendered":"<p>O senador Fl\u00e1vio Bolsonaro (PL-RJ) usou as redes sociais, nesta segunda-feira (31), para agradecer aos eleitores que votaram no atual presidente da Rep\u00fablica, Jair Bolsonaro (PL). O filho 01 do chefe do Executivo federal est\u00e1 no Pal\u00e1cio do Planalto desde a manh\u00e3 e deve acompanhar o primeiro pronunciamento do pai ap\u00f3s perder a reelei\u00e7\u00e3o para [&hellip;]<\/p>\n","protected":false},"author":2,"featured_media":13232,"comment_status":"open","ping_status":"open","sticky":false,"template":"","format":"standard","meta":[],"categories":[4],"tags":[],"_links":{"self":[{"href":"https:\/\/dgospel.com.br\/portal\/index.php\/wp-json\/wp\/v2\/posts\/13231"}],"collection":[{"href":"https:\/\/dgospel.com.br\/portal\/index.php\/wp-json\/wp\/v2\/posts"}],"about":[{"href":"https:\/\/dgospel.com.br\/portal\/index.php\/wp-json\/wp\/v2\/types\/post"}],"author":[{"embeddable":true,"href":"https:\/\/dgospel.com.br\/portal\/index.php\/wp-json\/wp\/v2\/users\/2"}],"replies":[{"embeddable":true,"href":"https:\/\/dgospel.com.br\/portal\/index.php\/wp-json\/wp\/v2\/comments?post=13231"}],"version-history":[{"count":1,"href":"https:\/\/dgospel.com.br\/portal\/index.php\/wp-json\/wp\/v2\/posts\/13231\/revisions"}],"predecessor-version":[{"id":13233,"href":"https:\/\/dgospel.com.br\/portal\/index.php\/wp-json\/wp\/v2\/posts\/13231\/revisions\/13233"}],"wp:featuredmedia":[{"embeddable":true,"href":"https:\/\/dgospel.com.br\/portal\/index.php\/wp-json\/wp\/v2\/media\/13232"}],"wp:attachment":[{"href":"https:\/\/dgospel.com.br\/portal\/index.php\/wp-json\/wp\/v2\/media?parent=13231"}],"wp:term":[{"taxonomy":"category","embeddable":true,"href":"https:\/\/dgospel.com.br\/portal\/index.php\/wp-json\/wp\/v2\/categories?post=13231"},{"taxonomy":"post_tag","embeddable":true,"href":"https:\/\/dgospel.com.br\/portal\/index.php\/wp-json\/wp\/v2\/tags?post=13231"}],"curies":[{"name":"wp","href":"https:\/\/api.w.org\/{rel}","templated":true}]}}