{"id":13237,"date":"2022-10-31T17:09:20","date_gmt":"2022-10-31T20:09:20","guid":{"rendered":"http:\/\/dgospel.com.br\/portal\/?p=13237"},"modified":"2022-10-31T17:09:21","modified_gmt":"2022-10-31T20:09:21","slug":"lacen-to-passa-a-realizar-testes-para-diagnostico-laboratorial-do-virus-monkeypox","status":"publish","type":"post","link":"https:\/\/dgospel.com.br\/portal\/index.php\/2022\/10\/31\/lacen-to-passa-a-realizar-testes-para-diagnostico-laboratorial-do-virus-monkeypox\/","title":{"rendered":"Lacen-TO passa a realizar testes para diagn\u00f3stico laboratorial do v\u00edrus Monkeypox"},"content":{"rendered":"\n<p>O Laborat\u00f3rio Central de Sa\u00fade P\u00fablica do Tocantins (Lacen-TO) inicia nesta semana o processamento de testes de Rea\u00e7\u00e3o em Cadeia da Polimerase (PCR), em tempo real para o diagn\u00f3stico laboratorial do v\u00edrus Monkeypox. O exame \u00e9 padr\u00e3o ouro para o diagn\u00f3stico da doen\u00e7a, segundo a Organiza\u00e7\u00e3o Mundial da Sa\u00fade (OMS).<\/p>\n\n\n\n<p>O teste \u00e9 realizado com o Kit Molecular Monkeypox (MPXV), desenvolvido pelo Instituto de Tecnologia em Imunobiol\u00f3gicos (Bio-Manguinhos) da Funda\u00e7\u00e3o Oswaldo Cruz (Fiocruz), que foi recebido pelo Lacen-TO na \u00faltima semana.<\/p>\n\n\n\n<p>\u201cTivemos uma reuni\u00e3o t\u00e9cnica com a equipe de Bio-Manguinhos\/Fiocruz, para alinhamento com a equipe t\u00e9cnica do Lacen, e esta semana os \u00faltimos ajustes e programa\u00e7\u00f5es nos equipamentos est\u00e3o sendo realizados, para que nesta quinta-feira, 3, inicie o processamento das amostras\u201d, explica a diretora Lacen-TO, Jucimaria Dantas.<\/p>\n\n\n\n<p>\u201cAs amostras para os testes est\u00e3o sendo recebidas e concentradas na unidade de Palmas. Firmamos a rotina de processamento quinzenal, ent\u00e3o, seguindo as recomenda\u00e7\u00f5es e prazos estabelecidos pelo Minist\u00e9rio da Sa\u00fade os resultados ser\u00e3o disponibilizados pelo Lacen, via Sistema GAL\u201d, enfatiza.<\/p>\n\n\n\n<p>A expectativa \u00e9 que sejam analisadas, em m\u00e9dia, aproximadamente 10 amostras por semana, atendendo todas as demandas das unidades de sa\u00fade do Tocantins.<\/p>\n","protected":false},"excerpt":{"rendered":"<p>O Laborat\u00f3rio Central de Sa\u00fade P\u00fablica do Tocantins (Lacen-TO) inicia nesta semana o processamento de testes de Rea\u00e7\u00e3o em Cadeia da Polimerase (PCR), em tempo real para o diagn\u00f3stico laboratorial do v\u00edrus Monkeypox. O exame \u00e9 padr\u00e3o ouro para o diagn\u00f3stico da doen\u00e7a, segundo a Organiza\u00e7\u00e3o Mundial da Sa\u00fade (OMS). O teste \u00e9 realizado com [&hellip;]<\/p>\n","protected":false},"author":2,"featured_media":13238,"comment_status":"open","ping_status":"open","sticky":false,"template":"","format":"standard","meta":[],"categories":[3],"tags":[13],"_links":{"self":[{"href":"https:\/\/dgospel.com.br\/portal\/index.php\/wp-json\/wp\/v2\/posts\/13237"}],"collection":[{"href":"https:\/\/dgospel.com.br\/portal\/index.php\/wp-json\/wp\/v2\/posts"}],"about":[{"href":"https:\/\/dgospel.com.br\/portal\/index.php\/wp-json\/wp\/v2\/types\/post"}],"author":[{"embeddable":true,"href":"https:\/\/dgospel.com.br\/portal\/index.php\/wp-json\/wp\/v2\/users\/2"}],"replies":[{"embeddable":true,"href":"https:\/\/dgospel.com.br\/portal\/index.php\/wp-json\/wp\/v2\/comments?post=13237"}],"version-history":[{"count":1,"href":"https:\/\/dgospel.com.br\/portal\/index.php\/wp-json\/wp\/v2\/posts\/13237\/revisions"}],"predecessor-version":[{"id":13239,"href":"https:\/\/dgospel.com.br\/portal\/index.php\/wp-json\/wp\/v2\/posts\/13237\/revisions\/13239"}],"wp:featuredmedia":[{"embeddable":true,"href":"https:\/\/dgospel.com.br\/portal\/index.php\/wp-json\/wp\/v2\/media\/13238"}],"wp:attachment":[{"href":"https:\/\/dgospel.com.br\/portal\/index.php\/wp-json\/wp\/v2\/media?parent=13237"}],"wp:term":[{"taxonomy":"category","embeddable":true,"href":"https:\/\/dgospel.com.br\/portal\/index.php\/wp-json\/wp\/v2\/categories?post=13237"},{"taxonomy":"post_tag","embeddable":true,"href":"https:\/\/dgospel.com.br\/portal\/index.php\/wp-json\/wp\/v2\/tags?post=13237"}],"curies":[{"name":"wp","href":"https:\/\/api.w.org\/{rel}","templated":true}]}}