{"id":13246,"date":"2022-11-01T12:52:20","date_gmt":"2022-11-01T15:52:20","guid":{"rendered":"http:\/\/dgospel.com.br\/portal\/?p=13246"},"modified":"2022-11-01T12:52:22","modified_gmt":"2022-11-01T15:52:22","slug":"governo-lula-deve-ter-mais-10-ministerios-para-inserir-aliados","status":"publish","type":"post","link":"https:\/\/dgospel.com.br\/portal\/index.php\/2022\/11\/01\/governo-lula-deve-ter-mais-10-ministerios-para-inserir-aliados\/","title":{"rendered":"Governo Lula deve ter mais 10 minist\u00e9rios para inserir aliados"},"content":{"rendered":"\n<p>O terceiro governo de&nbsp;<a href=\"http:\/\/pleno.news\/tag\/lula\" target=\"_blank\" rel=\"noreferrer noopener\">Lula<\/a>&nbsp;(PT) na Presid\u00eancia da Rep\u00fablica promete ser de expans\u00e3o no n\u00famero de minist\u00e9rios na compara\u00e7\u00e3o com a quantidade atual. De acordo com o jornal Folha de S\u00e3o Paulo, aliados do petista reconhecem que uma das raz\u00f5es para isso seria acomodar correligion\u00e1rios no governo e ampliar a base pol\u00edtica do petista no Congresso.<\/p>\n\n\n\n<p>A expectativa \u00e9 que o n\u00famero de pastas do governo seja acrescido de ao menos 10 novos minist\u00e9rios. Atualmente, a administra\u00e7\u00e3o federal conta com 23 minist\u00e9rios, um enxugamento na compara\u00e7\u00e3o com os governos anteriores de Lula e de Dilma Rousseff.<\/p>\n\n\n\n<p>O desenho da nova administra\u00e7\u00e3o petista deve trazer a separa\u00e7\u00e3o de pastas que Bolsonaro fundiu, como Trabalho e Previd\u00eancia, Mulheres e Direitos Humanos, al\u00e9m da volta dos minist\u00e9rios das Cidades e da Integra\u00e7\u00e3o Nacional, que viraram do Desenvolvimento Regional na gest\u00e3o Bolsonaro.<\/p>\n\n\n\n<p>Al\u00e9m disso, devem ser recriados os minist\u00e9rios do Planejamento, da Ind\u00fastria e Com\u00e9rcio Exterior, do Desenvolvimento Social, da Cultura, da Pesca, da Seguran\u00e7a P\u00fablica e da Igualdade Racial. Uma novidade do novo governo petista deve ser o Minist\u00e9rio dos Povos Origin\u00e1rios, promessa de Lula na campanha.<\/p>\n\n\n\n<p>O principal desmembramento previsto pelos aliados de Lula, no entanto, deve ser mesmo no Minist\u00e9rio da Economia, atualmente comandado por Paulo Guedes. Justamente por conta disso existe a ideia de recriar os minist\u00e9rios do Planejamento, com a possibilidade de ficar respons\u00e1vel pela elabora\u00e7\u00e3o do or\u00e7amento, e o da Ind\u00fastria e Com\u00e9rcio Exterior, que \u00e9 cobi\u00e7ado pelo PSB.<\/p>\n","protected":false},"excerpt":{"rendered":"<p>O terceiro governo de&nbsp;Lula&nbsp;(PT) na Presid\u00eancia da Rep\u00fablica promete ser de expans\u00e3o no n\u00famero de minist\u00e9rios na compara\u00e7\u00e3o com a quantidade atual. De acordo com o jornal Folha de S\u00e3o Paulo, aliados do petista reconhecem que uma das raz\u00f5es para isso seria acomodar correligion\u00e1rios no governo e ampliar a base pol\u00edtica do petista no Congresso. [&hellip;]<\/p>\n","protected":false},"author":2,"featured_media":13247,"comment_status":"open","ping_status":"open","sticky":false,"template":"","format":"standard","meta":[],"categories":[10],"tags":[],"_links":{"self":[{"href":"https:\/\/dgospel.com.br\/portal\/index.php\/wp-json\/wp\/v2\/posts\/13246"}],"collection":[{"href":"https:\/\/dgospel.com.br\/portal\/index.php\/wp-json\/wp\/v2\/posts"}],"about":[{"href":"https:\/\/dgospel.com.br\/portal\/index.php\/wp-json\/wp\/v2\/types\/post"}],"author":[{"embeddable":true,"href":"https:\/\/dgospel.com.br\/portal\/index.php\/wp-json\/wp\/v2\/users\/2"}],"replies":[{"embeddable":true,"href":"https:\/\/dgospel.com.br\/portal\/index.php\/wp-json\/wp\/v2\/comments?post=13246"}],"version-history":[{"count":1,"href":"https:\/\/dgospel.com.br\/portal\/index.php\/wp-json\/wp\/v2\/posts\/13246\/revisions"}],"predecessor-version":[{"id":13248,"href":"https:\/\/dgospel.com.br\/portal\/index.php\/wp-json\/wp\/v2\/posts\/13246\/revisions\/13248"}],"wp:featuredmedia":[{"embeddable":true,"href":"https:\/\/dgospel.com.br\/portal\/index.php\/wp-json\/wp\/v2\/media\/13247"}],"wp:attachment":[{"href":"https:\/\/dgospel.com.br\/portal\/index.php\/wp-json\/wp\/v2\/media?parent=13246"}],"wp:term":[{"taxonomy":"category","embeddable":true,"href":"https:\/\/dgospel.com.br\/portal\/index.php\/wp-json\/wp\/v2\/categories?post=13246"},{"taxonomy":"post_tag","embeddable":true,"href":"https:\/\/dgospel.com.br\/portal\/index.php\/wp-json\/wp\/v2\/tags?post=13246"}],"curies":[{"name":"wp","href":"https:\/\/api.w.org\/{rel}","templated":true}]}}