{"id":13249,"date":"2022-11-01T16:35:35","date_gmt":"2022-11-01T19:35:35","guid":{"rendered":"http:\/\/dgospel.com.br\/portal\/?p=13249"},"modified":"2022-11-01T16:35:37","modified_gmt":"2022-11-01T19:35:37","slug":"america-latina-vive-uma-onda-de-abusos-a-liberdade-religiosa-alerta-organizacao-dos-eua","status":"publish","type":"post","link":"https:\/\/dgospel.com.br\/portal\/index.php\/2022\/11\/01\/america-latina-vive-uma-onda-de-abusos-a-liberdade-religiosa-alerta-organizacao-dos-eua\/","title":{"rendered":"\u201cAm\u00e9rica Latina vive uma onda de abusos \u00e0 liberdade religiosa\u201d, alerta organiza\u00e7\u00e3o dos EUA"},"content":{"rendered":"\n<p>A Comiss\u00e3o Interamericana de Direitos Humanos realizou sua primeira audi\u00eancia sobre&nbsp;<a href=\"https:\/\/guiame.com.br\/colunistas\/anajure\/um-direito-sob-ameaca-panorama-global-da-liberdade-religiosa.html\"><strong>liberdade religiosa<\/strong><\/a>&nbsp;na Am\u00e9rica Latina.&nbsp;<\/p>\n\n\n\n<p>Especialistas em direitos humanos chamam a aten\u00e7\u00e3o para a crise de liberdade religiosa que est\u00e1 \u201cvarrendo a regi\u00e3o\u201d, conforme not\u00edcias da ADF International.&nbsp;<\/p>\n\n\n\n<p>\u201cA Am\u00e9rica Latina est\u00e1 atualmente experimentando uma onda de abusos de direitos humanos na \u00e1rea de liberdade religiosa. O que estamos vendo \u00e9 indicativo de um desrespeito alarmante por esse direito humano fundamental\u201d, disse Tom\u00e1s Henriquez, diretor da ADF International para a Am\u00e9rica Latina, dirigindo-se \u00e0 Comiss\u00e3o.&nbsp;<\/p>\n\n\n\n<p>\u201cHaver\u00e1 graves consequ\u00eancias n\u00e3o apenas para as pessoas de f\u00e9, mas tamb\u00e9m para o futuro da democracia na regi\u00e3o como um todo\u201d, continuou Henriquez que exigiu da Comiss\u00e3o medidas contra as&nbsp;<a href=\"https:\/\/guiame.com.br\/gospel\/mundo-cristao\/afeganistao-e-indicado-para-lista-de-piores-violadores-da-liberdade-religiosa-no-mundo.html\"><strong>viola\u00e7\u00f5es flagrantes da liberdade religiosa<\/strong><\/a>&nbsp;na Nicar\u00e1gua, M\u00e9xico e Argentina, entre outros pa\u00edses latino-americanos.&nbsp;<\/p>\n\n\n\n<p><strong>Situa\u00e7\u00e3o na Nicar\u00e1gua<\/strong><\/p>\n\n\n\n<p>No in\u00edcio deste ano, o governo de Ortega expulsou do pa\u00eds as \u201cMission\u00e1rias da Caridade de Santa Teresa de Calcut\u00e1\u201d e as \u201cReligiosas da Cruz do Sagrado Cora\u00e7\u00e3o de Jesus\u201d do pa\u00eds, sem o devido processo.<\/p>\n\n\n\n<p>O regime assediou e for\u00e7ou o ex\u00edlio de mais de uma d\u00fazia de padres cat\u00f3licos. Muitos outros foram detidos, incluindo o Bispo de Matagalpa, Rolando \u00c1lvarez (em pris\u00e3o domiciliar) e os padres Oscar Benavidez, Ramiro Tijerino, Jos\u00e9 Luis D\u00edaz, Sadiel Eugarrios e Ra\u00fal Gonz\u00e1lez.<\/p>\n\n\n\n<p>Tamb\u00e9m foram detidos os seminaristas Darvin Leyva e Melqu\u00edn Sequeira, junto com o cinegrafista Sergio C\u00e1rdenas.<\/p>\n\n\n\n<p>Henriquez, que \u00e9 especialista em quest\u00f5es relacionadas a viola\u00e7\u00f5es de direitos humanos na Am\u00e9rica Latina, se manifestou contra a repress\u00e3o pol\u00edtica sistem\u00e1tica e a persegui\u00e7\u00e3o religiosa aberta contra o povo da Nicar\u00e1gua.&nbsp;<\/p>\n\n\n\n<p>Dirigindo-se \u00e0 audi\u00eancia de liberdade religiosa, Henriquez disse: \u201cComiss\u00e1rios, estamos diante da infeliz coincid\u00eancia de que esta audi\u00eancia esteja ocorrendo ao mesmo tempo em que a regi\u00e3o est\u00e1 testemunhando com impot\u00eancia uma das piores persegui\u00e7\u00f5es religiosas da mem\u00f3ria viva desde que o sistema entrou em vigor\u201d.&nbsp;<\/p>\n\n\n\n<p>\u201cRefiro-me, \u00e9 claro, \u00e0 situa\u00e7\u00e3o muito grave e urgente que vive o povo nicaraguense, incluindo em particular a Igreja Cat\u00f3lica e seus bispos, sacerdotes, seminaristas, leigos e irm\u00e3os e irm\u00e3s religiosos\u201d, continuou.<\/p>\n\n\n\n<p>Ele citou ainda a responsabilidade do governo no fechamento de escolas crist\u00e3s, servi\u00e7os sociais das igrejas e o fechamento for\u00e7ado da Universidade Cat\u00f3lica Agropecu\u00e1ria del Tr\u00f3pico Seco.<\/p>\n\n\n\n<p>Henriquez pediu \u00e0 Comiss\u00e3o que tome medidas urgentes contra a persegui\u00e7\u00e3o \u00e0 Igreja Cat\u00f3lica na Nicar\u00e1gua e pediu a liberta\u00e7\u00e3o imediata de todos os cl\u00e9rigos detidos pelo regime de Ortega para a prote\u00e7\u00e3o de suas vidas, integridade f\u00edsica e psicol\u00f3gica.&nbsp;<\/p>\n\n\n\n<p><strong>Persegui\u00e7\u00e3o religiosa no M\u00e9xico<\/strong><\/p>\n\n\n\n<p>Abusos flagrantes da liberdade religiosa tamb\u00e9m est\u00e3o ocorrendo no M\u00e9xico, onde \u00e9 ilegal para o clero falar sobre quest\u00f5es pol\u00edticas por causa de regulamentos que datam de 1917.&nbsp;<\/p>\n\n\n\n<p>No in\u00edcio de 2022, quatro padres \u2014 Juan Sandoval, Mario Angel Flores, Carlos Aguiar e Angel Espinosa de los Monteros \u2014 foram considerados culpados de violar o artigo 130 da Constitui\u00e7\u00e3o mexicana, por emitir declara\u00e7\u00f5es contendo suas opini\u00f5es sobre eventos s\u00f3cio-pol\u00edticos em seu pa\u00eds e instando os fi\u00e9is a votar de acordo com suas convic\u00e7\u00f5es.&nbsp;<\/p>\n\n\n\n<p>Os padres foram denunciados pelo partido pol\u00edtico no poder, julgados por um tribunal eleitoral e considerados culpados pelo \u201ccrime\u201d de discurso politicamente orientado.&nbsp;<\/p>\n\n\n\n<p>Sobre a situa\u00e7\u00e3o no M\u00e9xico, Henriquez afirmou que o silenciamento de l\u00edderes religiosos \u201cn\u00e3o apenas viola a liberdade de religi\u00e3o e express\u00e3o, mas tamb\u00e9m \u00e9 discriminat\u00f3rio, pois afeta uma categoria definida de pessoas por causa de sua f\u00e9\u201d.<\/p>\n\n\n\n<p>Observando que o problema n\u00e3o se limita ao M\u00e9xico, Henriquez afirmou que \u201ca Comiss\u00e3o deve tomar medidas concretas para exigir a revoga\u00e7\u00e3o das leis que prejudicam a livre express\u00e3o dos ministros da religi\u00e3o nas constitui\u00e7\u00f5es do M\u00e9xico, Honduras, El Salvador e Costa Rica\u201d.&nbsp;<\/p>\n\n\n\n<p>Tanto Henriquez quanto a ADF International afirmam que v\u00e3o continuar a intervir e a monitorar as viola\u00e7\u00f5es das liberdades religiosas que ocorrem na Am\u00e9rica Latina.&nbsp;<\/p>\n","protected":false},"excerpt":{"rendered":"<p>A Comiss\u00e3o Interamericana de Direitos Humanos realizou sua primeira audi\u00eancia sobre&nbsp;liberdade religiosa&nbsp;na Am\u00e9rica Latina.&nbsp; Especialistas em direitos humanos chamam a aten\u00e7\u00e3o para a crise de liberdade religiosa que est\u00e1 \u201cvarrendo a regi\u00e3o\u201d, conforme not\u00edcias da ADF International.&nbsp; \u201cA Am\u00e9rica Latina est\u00e1 atualmente experimentando uma onda de abusos de direitos humanos na \u00e1rea de liberdade religiosa. [&hellip;]<\/p>\n","protected":false},"author":2,"featured_media":13250,"comment_status":"open","ping_status":"open","sticky":false,"template":"","format":"standard","meta":[],"categories":[5],"tags":[],"_links":{"self":[{"href":"https:\/\/dgospel.com.br\/portal\/index.php\/wp-json\/wp\/v2\/posts\/13249"}],"collection":[{"href":"https:\/\/dgospel.com.br\/portal\/index.php\/wp-json\/wp\/v2\/posts"}],"about":[{"href":"https:\/\/dgospel.com.br\/portal\/index.php\/wp-json\/wp\/v2\/types\/post"}],"author":[{"embeddable":true,"href":"https:\/\/dgospel.com.br\/portal\/index.php\/wp-json\/wp\/v2\/users\/2"}],"replies":[{"embeddable":true,"href":"https:\/\/dgospel.com.br\/portal\/index.php\/wp-json\/wp\/v2\/comments?post=13249"}],"version-history":[{"count":1,"href":"https:\/\/dgospel.com.br\/portal\/index.php\/wp-json\/wp\/v2\/posts\/13249\/revisions"}],"predecessor-version":[{"id":13251,"href":"https:\/\/dgospel.com.br\/portal\/index.php\/wp-json\/wp\/v2\/posts\/13249\/revisions\/13251"}],"wp:featuredmedia":[{"embeddable":true,"href":"https:\/\/dgospel.com.br\/portal\/index.php\/wp-json\/wp\/v2\/media\/13250"}],"wp:attachment":[{"href":"https:\/\/dgospel.com.br\/portal\/index.php\/wp-json\/wp\/v2\/media?parent=13249"}],"wp:term":[{"taxonomy":"category","embeddable":true,"href":"https:\/\/dgospel.com.br\/portal\/index.php\/wp-json\/wp\/v2\/categories?post=13249"},{"taxonomy":"post_tag","embeddable":true,"href":"https:\/\/dgospel.com.br\/portal\/index.php\/wp-json\/wp\/v2\/tags?post=13249"}],"curies":[{"name":"wp","href":"https:\/\/api.w.org\/{rel}","templated":true}]}}