{"id":13252,"date":"2022-11-01T16:59:06","date_gmt":"2022-11-01T19:59:06","guid":{"rendered":"http:\/\/dgospel.com.br\/portal\/?p=13252"},"modified":"2022-11-01T16:59:08","modified_gmt":"2022-11-01T19:59:08","slug":"mais-de-700-italianos-aceitam-jesus-em-evento-evangelistico-historico","status":"publish","type":"post","link":"https:\/\/dgospel.com.br\/portal\/index.php\/2022\/11\/01\/mais-de-700-italianos-aceitam-jesus-em-evento-evangelistico-historico\/","title":{"rendered":"Mais de 700 italianos aceitam Jesus em evento evangel\u00edstico hist\u00f3rico"},"content":{"rendered":"\n<p>Mais de 13 mil pessoas lotaram a arena F\u00f3rum Mediolanum, em Mil\u00e3o, na It\u00e1lia, para ouvir a Palavra de Deus durante o&nbsp;<strong><a href=\"https:\/\/www.guiame.com.br\/gospel\/missoes-acao-social\/mais-de-2000-pessoas-aceitam-jesus-em-festival-na-mongolia.html\">Festival<\/a><\/strong>&nbsp;Noi, no s\u00e1bado (29).<\/p>\n\n\n\n<p>O evento evangel\u00edstico, organizado por igrejas locais em parceria com a Billy Graham Evangelistic Association, reuniu o maior p\u00fablico que a arena, usada para shows e jogos da Euroliga de basquete, j\u00e1 recebeu em seus 32 anos de hist\u00f3ria.<\/p>\n\n\n\n<p>O evangelista&nbsp;<strong><a href=\"https:\/\/www.guiame.com.br\/gospel\/noticias\/tribunal-ordena-indenizacao-de-100-mil-apos-evento-de-graham-ser-cancelado-na-escocia.html\">Franklin Graham<\/a><\/strong>&nbsp;pregou a mensagem do Evangelho, baseado em Jo\u00e3o 3:16.<\/p>\n\n\n\n<p>\u201cEstou aqui para lhe dizer que religi\u00e3o n\u00e3o \u00e9 suficiente. Jesus disse ao [l\u00edder religioso] Nicodemos: &#8216;Voc\u00ea precisa nascer de novo&#8217;\u201d, ministrou Graham.<\/p>\n\n\n\n<p>E ressaltou: \u201cConheci muitas pessoas que s\u00e3o religiosas, mas n\u00e3o t\u00eam um relacionamento com Deus.&nbsp;<strong><a href=\"https:\/\/www.guiame.com.br\/gospel\/missoes-acao-social\/ha-muitas-religioes-mas-so-jesus-pode-salvar-prega-graham-multidao-em-copacabana.html\">Religi\u00e3o n\u00e3o \u00e9 suficiente<\/a><\/strong>. Voc\u00ea n\u00e3o pode trabalhar pela sua salva\u00e7\u00e3o. Voc\u00ea n\u00e3o pode comprar sua salva\u00e7\u00e3o\u201d.<\/p>\n\n\n\n<p>Ap\u00f3s a ministra\u00e7\u00e3o, o evangelista fez o apelo para entregar sua vida a Cristo e mais de 700 italianos responderam ao convite e foram \u00e0 frente para serem ministrados.<\/p>\n\n\n\n<p><img src=\"https:\/\/thumbor.guiame.com.br\/unsafe\/smart\/https:\/\/media.guiame.com.br\/archives\/2022\/11\/01\/2620545440-.jpg\" alt=\"\" width=\"600\"><br><sup>Mais de 700 pessoas aceitaram a Jesus em evento evangesl\u00edtico na It\u00e1lia. (Foto: Billy Graham Evangelistic Association).<\/sup><\/p>\n\n\n\n<p>Entre a multid\u00e3o de rec\u00e9m convertidos, estava Rosa*, de 50 anos, que&nbsp;<a href=\"https:\/\/www.guiame.com.br\/gospel\/mundo-cristao\/vendedor-de-praia-volta-para-jesus-durante-cruzada-de-franklin-graham-no-rio.html\"><strong>aceitou Jesus<\/strong>&nbsp;<\/a>em l\u00e1grimas. Simona, uma conselheira da equipe evangel\u00edstica, explicou a ela sobre a decis\u00e3o que havia acabado de tomar.<\/p>\n\n\n\n<p>\u201cEla se apresentou com seu tio e disse que podia sentir a presen\u00e7a de Deus logo atr\u00e1s dela\u201d, testemunhou Simona.<\/p>\n\n\n\n<p>Marco*, de 44 anos, que foi ao Festival incentivado pela esposa crist\u00e3, tamb\u00e9m se rendeu a Cristo.&nbsp;<\/p>\n\n\n\n<p>\u201cHoje, ele aceitou Jesus como seu Salvador. Ele estava t\u00e3o feliz. Ele disse que nunca havia sentido essas emo\u00e7\u00f5es antes. Ele sentiu a presen\u00e7a do Senhor pela primeira vez esta noite\u201d, contou Francesco, o conselheiro que o ministrou.<\/p>\n\n\n\n<p>Para os l\u00edderes crist\u00e3os que trabalharam no Festival Noi, a cruzada iniciou um novo marco na uni\u00e3o de igrejas e no evangelismo na It\u00e1lia.<\/p>\n\n\n\n<p>\u201cNunca tivemos algo assim \u2013 mais de 13.000 pessoas em um evento crist\u00e3o\u201d, declarou Gerry Testori, membro do comit\u00ea do Festival.<\/p>\n\n\n\n<p>\u201cOs pastores da parte norte de Mil\u00e3o est\u00e3o orando com os pastores do sul. Esta \u00e9 uma b\u00ean\u00e7\u00e3o para a nossa na\u00e7\u00e3o\u201d.<\/p>\n\n\n\n<p><em>*Nomes alterados para privacidade.<\/em><\/p>\n","protected":false},"excerpt":{"rendered":"<p>Mais de 13 mil pessoas lotaram a arena F\u00f3rum Mediolanum, em Mil\u00e3o, na It\u00e1lia, para ouvir a Palavra de Deus durante o&nbsp;Festival&nbsp;Noi, no s\u00e1bado (29). O evento evangel\u00edstico, organizado por igrejas locais em parceria com a Billy Graham Evangelistic Association, reuniu o maior p\u00fablico que a arena, usada para shows e jogos da Euroliga de [&hellip;]<\/p>\n","protected":false},"author":2,"featured_media":13253,"comment_status":"open","ping_status":"open","sticky":false,"template":"","format":"standard","meta":[],"categories":[5],"tags":[13],"_links":{"self":[{"href":"https:\/\/dgospel.com.br\/portal\/index.php\/wp-json\/wp\/v2\/posts\/13252"}],"collection":[{"href":"https:\/\/dgospel.com.br\/portal\/index.php\/wp-json\/wp\/v2\/posts"}],"about":[{"href":"https:\/\/dgospel.com.br\/portal\/index.php\/wp-json\/wp\/v2\/types\/post"}],"author":[{"embeddable":true,"href":"https:\/\/dgospel.com.br\/portal\/index.php\/wp-json\/wp\/v2\/users\/2"}],"replies":[{"embeddable":true,"href":"https:\/\/dgospel.com.br\/portal\/index.php\/wp-json\/wp\/v2\/comments?post=13252"}],"version-history":[{"count":1,"href":"https:\/\/dgospel.com.br\/portal\/index.php\/wp-json\/wp\/v2\/posts\/13252\/revisions"}],"predecessor-version":[{"id":13254,"href":"https:\/\/dgospel.com.br\/portal\/index.php\/wp-json\/wp\/v2\/posts\/13252\/revisions\/13254"}],"wp:featuredmedia":[{"embeddable":true,"href":"https:\/\/dgospel.com.br\/portal\/index.php\/wp-json\/wp\/v2\/media\/13253"}],"wp:attachment":[{"href":"https:\/\/dgospel.com.br\/portal\/index.php\/wp-json\/wp\/v2\/media?parent=13252"}],"wp:term":[{"taxonomy":"category","embeddable":true,"href":"https:\/\/dgospel.com.br\/portal\/index.php\/wp-json\/wp\/v2\/categories?post=13252"},{"taxonomy":"post_tag","embeddable":true,"href":"https:\/\/dgospel.com.br\/portal\/index.php\/wp-json\/wp\/v2\/tags?post=13252"}],"curies":[{"name":"wp","href":"https:\/\/api.w.org\/{rel}","templated":true}]}}