{"id":13261,"date":"2022-11-01T18:16:51","date_gmt":"2022-11-01T21:16:51","guid":{"rendered":"http:\/\/dgospel.com.br\/portal\/?p=13261"},"modified":"2022-11-01T18:16:53","modified_gmt":"2022-11-01T21:16:53","slug":"bolsonaro-agradece-pelos-votos-dos-58-milhoes-de-brasileiros","status":"publish","type":"post","link":"https:\/\/dgospel.com.br\/portal\/index.php\/2022\/11\/01\/bolsonaro-agradece-pelos-votos-dos-58-milhoes-de-brasileiros\/","title":{"rendered":"Bolsonaro agradece pelos votos dos 58 milh\u00f5es de brasileiros"},"content":{"rendered":"\n<p>Em um r\u00e1pido discurso realizado no Pal\u00e1cio da Alvorada, na tarde desta ter\u00e7a-feira (1\u00ba), Bolsonaro agradeceu os votos de 58 milh\u00f5es de brasileiros no segundo turno das elei\u00e7\u00f5es. O chefe do Executivo tamb\u00e9m assinalou que manifesta\u00e7\u00f5es pac\u00edficas s\u00e3o bem-vindas, desde que n\u00e3o se utilizando de \u201cm\u00e9todos da esquerda\u201d.<\/p>\n\n\n\n<p>\u2013 Os atuais movimentos populares s\u00e3o frutos de indigna\u00e7\u00e3o e sentimento de injusti\u00e7a de como se deu o processo eleitoral (\u2026) manifesta\u00e7\u00f5es pac\u00edficas sempre ser\u00e3o bem-vindas, mas os nossos m\u00e9todos n\u00e3o podem ser os da esquerda, que sempre prejudicaram a popula\u00e7\u00e3o.<\/p>\n\n\n\n<p>Bolsonaro afirmou que \u201ccontinuar\u00e1 seguindo os mandamentos da Constitui\u00e7\u00e3o\u201d. O presidente estava cercado de aliados, incluindo o ministro da Casa Civil Ciro Nogueira, que falou sobre a transi\u00e7\u00e3o de governo logo ap\u00f3s a declara\u00e7\u00e3o do presidente.<\/p>\n\n\n\n<p>\u2013 O presidente Jair Bolsonaro me autorizou, quando for provocado, com base na lei, n\u00f3s iniciaremos o processo de transi\u00e7\u00e3o \u2013 disse o ministro.<\/p>\n","protected":false},"excerpt":{"rendered":"<p>Em um r\u00e1pido discurso realizado no Pal\u00e1cio da Alvorada, na tarde desta ter\u00e7a-feira (1\u00ba), Bolsonaro agradeceu os votos de 58 milh\u00f5es de brasileiros no segundo turno das elei\u00e7\u00f5es. O chefe do Executivo tamb\u00e9m assinalou que manifesta\u00e7\u00f5es pac\u00edficas s\u00e3o bem-vindas, desde que n\u00e3o se utilizando de \u201cm\u00e9todos da esquerda\u201d. \u2013 Os atuais movimentos populares s\u00e3o frutos [&hellip;]<\/p>\n","protected":false},"author":2,"featured_media":13262,"comment_status":"open","ping_status":"open","sticky":false,"template":"","format":"standard","meta":[],"categories":[4],"tags":[],"_links":{"self":[{"href":"https:\/\/dgospel.com.br\/portal\/index.php\/wp-json\/wp\/v2\/posts\/13261"}],"collection":[{"href":"https:\/\/dgospel.com.br\/portal\/index.php\/wp-json\/wp\/v2\/posts"}],"about":[{"href":"https:\/\/dgospel.com.br\/portal\/index.php\/wp-json\/wp\/v2\/types\/post"}],"author":[{"embeddable":true,"href":"https:\/\/dgospel.com.br\/portal\/index.php\/wp-json\/wp\/v2\/users\/2"}],"replies":[{"embeddable":true,"href":"https:\/\/dgospel.com.br\/portal\/index.php\/wp-json\/wp\/v2\/comments?post=13261"}],"version-history":[{"count":1,"href":"https:\/\/dgospel.com.br\/portal\/index.php\/wp-json\/wp\/v2\/posts\/13261\/revisions"}],"predecessor-version":[{"id":13263,"href":"https:\/\/dgospel.com.br\/portal\/index.php\/wp-json\/wp\/v2\/posts\/13261\/revisions\/13263"}],"wp:featuredmedia":[{"embeddable":true,"href":"https:\/\/dgospel.com.br\/portal\/index.php\/wp-json\/wp\/v2\/media\/13262"}],"wp:attachment":[{"href":"https:\/\/dgospel.com.br\/portal\/index.php\/wp-json\/wp\/v2\/media?parent=13261"}],"wp:term":[{"taxonomy":"category","embeddable":true,"href":"https:\/\/dgospel.com.br\/portal\/index.php\/wp-json\/wp\/v2\/categories?post=13261"},{"taxonomy":"post_tag","embeddable":true,"href":"https:\/\/dgospel.com.br\/portal\/index.php\/wp-json\/wp\/v2\/tags?post=13261"}],"curies":[{"name":"wp","href":"https:\/\/api.w.org\/{rel}","templated":true}]}}