{"id":13267,"date":"2022-11-03T08:51:11","date_gmt":"2022-11-03T11:51:11","guid":{"rendered":"http:\/\/dgospel.com.br\/portal\/?p=13267"},"modified":"2022-11-03T08:51:12","modified_gmt":"2022-11-03T11:51:12","slug":"igreja-universal-denuncia-dois-ataques-a-templos-apos-eleicoes","status":"publish","type":"post","link":"https:\/\/dgospel.com.br\/portal\/index.php\/2022\/11\/03\/igreja-universal-denuncia-dois-ataques-a-templos-apos-eleicoes\/","title":{"rendered":"Igreja Universal denuncia dois ataques a templos ap\u00f3s elei\u00e7\u00f5es"},"content":{"rendered":"\n<p>Dois templos da Igreja Universal do Reino de Deus foram vandalizados no \u00faltimo domingo (30) ap\u00f3s o resultado da elei\u00e7\u00e3o presidencial que deu vit\u00f3ria para o candidato Lula (PT).<\/p>\n\n\n\n<p>De acordo com a denomina\u00e7\u00e3o fundada pelo bispo Edir Macedo, o primeiro caso aconteceu no estado do Piau\u00ed. Com a vit\u00f3ria do petista, os eleitores sa\u00edram \u00e0s ruas e picharam a porta da igreja.<\/p>\n\n\n\n<p>Por ter dado apoio a Jair Bolsonaro (PL), a Universal se tornou alvo de ataques de militantes de esquerda.<\/p>\n\n\n\n<p>Naquela mesma noite, o templo da Igreja Universal da cidade de Santa Rita, em Pernambuco, tamb\u00e9m foi vandalizado.<\/p>\n\n\n\n<p>Os criminosos escreveram mensagens como \u201cFora Bozo\u201d nas paredes da igreja.<\/p>\n\n\n\n<p>O deputado estadual Jutay Meneses (Republicanos), ligado \u00e0 igreja, foi quem fez a den\u00fancia deste segundo caso.<\/p>\n\n\n\n<p>\u2013 Como deputado estadual eleito pelo povo n\u00e3o irei aceitar em hip\u00f3tese alguma esse tipo de agress\u00e3o religiosa. Quero levar isso ao secret\u00e1rio de Seguran\u00e7a P\u00fablica e demais autoridades. N\u00e3o podemos aceitar que nossas igrejas sejam depredadas por pessoas que n\u00e3o aceitam o contr\u00e1rio e querem impor a sua opini\u00e3o \u2013 declarou Jutay.<\/p>\n","protected":false},"excerpt":{"rendered":"<p>Dois templos da Igreja Universal do Reino de Deus foram vandalizados no \u00faltimo domingo (30) ap\u00f3s o resultado da elei\u00e7\u00e3o presidencial que deu vit\u00f3ria para o candidato Lula (PT). De acordo com a denomina\u00e7\u00e3o fundada pelo bispo Edir Macedo, o primeiro caso aconteceu no estado do Piau\u00ed. Com a vit\u00f3ria do petista, os eleitores sa\u00edram [&hellip;]<\/p>\n","protected":false},"author":2,"featured_media":13268,"comment_status":"open","ping_status":"open","sticky":false,"template":"","format":"standard","meta":[],"categories":[5],"tags":[],"_links":{"self":[{"href":"https:\/\/dgospel.com.br\/portal\/index.php\/wp-json\/wp\/v2\/posts\/13267"}],"collection":[{"href":"https:\/\/dgospel.com.br\/portal\/index.php\/wp-json\/wp\/v2\/posts"}],"about":[{"href":"https:\/\/dgospel.com.br\/portal\/index.php\/wp-json\/wp\/v2\/types\/post"}],"author":[{"embeddable":true,"href":"https:\/\/dgospel.com.br\/portal\/index.php\/wp-json\/wp\/v2\/users\/2"}],"replies":[{"embeddable":true,"href":"https:\/\/dgospel.com.br\/portal\/index.php\/wp-json\/wp\/v2\/comments?post=13267"}],"version-history":[{"count":1,"href":"https:\/\/dgospel.com.br\/portal\/index.php\/wp-json\/wp\/v2\/posts\/13267\/revisions"}],"predecessor-version":[{"id":13269,"href":"https:\/\/dgospel.com.br\/portal\/index.php\/wp-json\/wp\/v2\/posts\/13267\/revisions\/13269"}],"wp:featuredmedia":[{"embeddable":true,"href":"https:\/\/dgospel.com.br\/portal\/index.php\/wp-json\/wp\/v2\/media\/13268"}],"wp:attachment":[{"href":"https:\/\/dgospel.com.br\/portal\/index.php\/wp-json\/wp\/v2\/media?parent=13267"}],"wp:term":[{"taxonomy":"category","embeddable":true,"href":"https:\/\/dgospel.com.br\/portal\/index.php\/wp-json\/wp\/v2\/categories?post=13267"},{"taxonomy":"post_tag","embeddable":true,"href":"https:\/\/dgospel.com.br\/portal\/index.php\/wp-json\/wp\/v2\/tags?post=13267"}],"curies":[{"name":"wp","href":"https:\/\/api.w.org\/{rel}","templated":true}]}}