{"id":13273,"date":"2022-11-03T09:54:38","date_gmt":"2022-11-03T12:54:38","guid":{"rendered":"http:\/\/dgospel.com.br\/portal\/?p=13273"},"modified":"2022-11-03T09:54:39","modified_gmt":"2022-11-03T12:54:39","slug":"tres-dias-apos-as-eleicoes-diversos-estados-do-pais-voltam-a-registrar-grandes-manifestacoes","status":"publish","type":"post","link":"https:\/\/dgospel.com.br\/portal\/index.php\/2022\/11\/03\/tres-dias-apos-as-eleicoes-diversos-estados-do-pais-voltam-a-registrar-grandes-manifestacoes\/","title":{"rendered":"Tr\u00eas dias ap\u00f3s as elei\u00e7\u00f5es, diversos estados do pa\u00eds voltam a registrar grandes manifesta\u00e7\u00f5es"},"content":{"rendered":"\n<p>Desde a manh\u00e3 desta quarta-feira, 2, feriado de Finados, protestos contra Luiz In\u00e1cio Lula da Silva (PT) est\u00e3o sendo registrados em diversos estados do pa\u00eds.<\/p>\n\n\n\n<p>Aos gritos de \u201cFora Lula\u201d, manifestantes se op\u00f5em ao resultado das elei\u00e7\u00f5es do \u00faltimo domingo (30), que oficializou a vit\u00f3ria do petista ao Pal\u00e1cio do Planalto.<\/p>\n\n\n\n<p>Em alguns lugares, como Rio de Janeiro, S\u00e3o Paulo e Uberl\u00e2ndia \u2014 Minas Gerais, o p\u00fablico se concentrou em frente aos comandos militares da pol\u00edcia ou do Ex\u00e9rcito.<\/p>\n\n\n\n<p>Em Bras\u00edlia, manifestantes passaram o per\u00edodo da noite em frente ao Quartel-General do Ex\u00e9rcito, localizado no Setor Militar Urbano (SMU). Nesta quarta, milhares permaneciam no local.<\/p>\n\n\n\n<p>Tamb\u00e9m h\u00e1 registros de atos no Norte e no Nordeste. Em torno dessas duas regi\u00f5es do pa\u00eds, chama a aten\u00e7\u00e3o o tamanho da ades\u00e3o popular em cidades como Manaus, Palmas, Recife, Fortaleza e Salvador, onde o volume de participantes \u00e9 expressivo.<\/p>\n\n\n\n<p>Manifesta\u00e7\u00f5es extrapolam fronteiras e chegam ao exterior. Uma grande manifesta\u00e7\u00e3o tamb\u00e9m foi realizada no centro de Londres.<\/p>\n\n\n\n<p>Nas redes sociais, o tema tamb\u00e9m mobilizou os internautas. At\u00e9 o fechamento deste mat\u00e9ria, assuntos relacionados aos protestos ocupavam os assuntos mais comentados do Twitter Brasil.<\/p>\n","protected":false},"excerpt":{"rendered":"<p>Desde a manh\u00e3 desta quarta-feira, 2, feriado de Finados, protestos contra Luiz In\u00e1cio Lula da Silva (PT) est\u00e3o sendo registrados em diversos estados do pa\u00eds. Aos gritos de \u201cFora Lula\u201d, manifestantes se op\u00f5em ao resultado das elei\u00e7\u00f5es do \u00faltimo domingo (30), que oficializou a vit\u00f3ria do petista ao Pal\u00e1cio do Planalto. Em alguns lugares, como [&hellip;]<\/p>\n","protected":false},"author":2,"featured_media":13274,"comment_status":"open","ping_status":"open","sticky":false,"template":"","format":"standard","meta":[],"categories":[4],"tags":[13],"_links":{"self":[{"href":"https:\/\/dgospel.com.br\/portal\/index.php\/wp-json\/wp\/v2\/posts\/13273"}],"collection":[{"href":"https:\/\/dgospel.com.br\/portal\/index.php\/wp-json\/wp\/v2\/posts"}],"about":[{"href":"https:\/\/dgospel.com.br\/portal\/index.php\/wp-json\/wp\/v2\/types\/post"}],"author":[{"embeddable":true,"href":"https:\/\/dgospel.com.br\/portal\/index.php\/wp-json\/wp\/v2\/users\/2"}],"replies":[{"embeddable":true,"href":"https:\/\/dgospel.com.br\/portal\/index.php\/wp-json\/wp\/v2\/comments?post=13273"}],"version-history":[{"count":1,"href":"https:\/\/dgospel.com.br\/portal\/index.php\/wp-json\/wp\/v2\/posts\/13273\/revisions"}],"predecessor-version":[{"id":13275,"href":"https:\/\/dgospel.com.br\/portal\/index.php\/wp-json\/wp\/v2\/posts\/13273\/revisions\/13275"}],"wp:featuredmedia":[{"embeddable":true,"href":"https:\/\/dgospel.com.br\/portal\/index.php\/wp-json\/wp\/v2\/media\/13274"}],"wp:attachment":[{"href":"https:\/\/dgospel.com.br\/portal\/index.php\/wp-json\/wp\/v2\/media?parent=13273"}],"wp:term":[{"taxonomy":"category","embeddable":true,"href":"https:\/\/dgospel.com.br\/portal\/index.php\/wp-json\/wp\/v2\/categories?post=13273"},{"taxonomy":"post_tag","embeddable":true,"href":"https:\/\/dgospel.com.br\/portal\/index.php\/wp-json\/wp\/v2\/tags?post=13273"}],"curies":[{"name":"wp","href":"https:\/\/api.w.org\/{rel}","templated":true}]}}