{"id":13276,"date":"2022-11-04T13:03:51","date_gmt":"2022-11-04T16:03:51","guid":{"rendered":"http:\/\/dgospel.com.br\/portal\/?p=13276"},"modified":"2022-11-04T13:03:53","modified_gmt":"2022-11-04T16:03:53","slug":"presidente-do-pt-dispensa-perdao-de-edir-macedo-a-lula","status":"publish","type":"post","link":"https:\/\/dgospel.com.br\/portal\/index.php\/2022\/11\/04\/presidente-do-pt-dispensa-perdao-de-edir-macedo-a-lula\/","title":{"rendered":"Presidente do PT <a href=\"https:\/\/oglobo.globo.com\/politica\/noticia\/2022\/11\/presidente-do-pt-rebate-fala-de-edir-macedo-de-que-fieis-devem-perdoar-lula-dispensamos.ghtml?utm_source=globo.com&amp;utm_medium=oglobo\">&#8216;dispensa&#8217; perd\u00e3o de Edir Macedo a Lula<\/a>"},"content":{"rendered":"\n<p>A presidente do PT, Gleisi Hoffmann, respondeu a fala do bispo da Igreja Universal do Reino de Deus,&nbsp;<a href=\"https:\/\/oglobo.globo.com\/blogs\/sonar-a-escuta-das-redes\/post\/2022\/11\/aliado-de-bolsonaro-edir-macedo-diz-que-fieis-devem-perdoar-lula.ghtml\"><strong>Edir Macedo, sobre o perd\u00e3o a Lula<\/strong><\/a>, presidente eleito no \u00faltimo domingo. Gleisi disse que o partido &#8220;dispensa&#8221; o perd\u00e3o do bispo e que ele deveria pedir perd\u00e3o a Deus pelas &#8220;mentiras que propagou&#8221;. Macedo foi aliado do atual presidente Jair Bolsonaro (PL) durante toda a elei\u00e7\u00e3o, e fez campanha contra a candidatura do petista.<\/p>\n\n\n\n<p>A presidente do PT, Gleisi Hoffmann, respondeu a fala do bispo da Igreja Universal do Reino de Deus,\u00a0<a href=\"https:\/\/oglobo.globo.com\/blogs\/sonar-a-escuta-das-redes\/post\/2022\/11\/aliado-de-bolsonaro-edir-macedo-diz-que-fieis-devem-perdoar-lula.ghtml\"><strong>Edir Macedo, sobre o perd\u00e3o a Lula<\/strong><\/a>, presidente eleito no \u00faltimo domingo. Gleisi disse que o partido &#8220;dispensa&#8221; o perd\u00e3o do bispo e que ele deveria pedir perd\u00e3o a Deus pelas &#8220;mentiras que propagou&#8221;. Macedo foi aliado do atual presidente Jair Bolsonaro (PL) durante toda a elei\u00e7\u00e3o, e fez campanha contra a candidatura do petista.<\/p>\n\n\n\n<p><\/p>\n\n\n\n<figure class=\"wp-block-image size-full\"><img loading=\"lazy\" width=\"555\" height=\"314\" src=\"http:\/\/dgospel.com.br\/portal\/wp-content\/uploads\/2022\/11\/0000000000000000001.jpg\" alt=\"\" class=\"wp-image-13278\" srcset=\"https:\/\/dgospel.com.br\/portal\/wp-content\/uploads\/2022\/11\/0000000000000000001.jpg 555w, https:\/\/dgospel.com.br\/portal\/wp-content\/uploads\/2022\/11\/0000000000000000001-300x170.jpg 300w\" sizes=\"(max-width: 555px) 100vw, 555px\" \/><\/figure>\n\n\n\n<p>O bispo afirmou durante live publicada no Instagram que orou pela vit\u00f3ria de Bolsonaro, mas que agora \u00e9 hora de seguir em frente. &#8220;Eu orei, \u2018\u00f3, Deus, quero que Bolsonaro ganhe\u2019. Mas seja feita Vossa vontade. Eu pedi para ele fazer a vontade dEle e Ele fez. O que que eu vou fazer agora? Tocar a vida pela frente&#8221;, comunicou o bispo.<\/p>\n","protected":false},"excerpt":{"rendered":"<p>A presidente do PT, Gleisi Hoffmann, respondeu a fala do bispo da Igreja Universal do Reino de Deus,&nbsp;Edir Macedo, sobre o perd\u00e3o a Lula, presidente eleito no \u00faltimo domingo. Gleisi disse que o partido &#8220;dispensa&#8221; o perd\u00e3o do bispo e que ele deveria pedir perd\u00e3o a Deus pelas &#8220;mentiras que propagou&#8221;. Macedo foi aliado do [&hellip;]<\/p>\n","protected":false},"author":2,"featured_media":13277,"comment_status":"open","ping_status":"open","sticky":false,"template":"","format":"standard","meta":[],"categories":[4],"tags":[],"_links":{"self":[{"href":"https:\/\/dgospel.com.br\/portal\/index.php\/wp-json\/wp\/v2\/posts\/13276"}],"collection":[{"href":"https:\/\/dgospel.com.br\/portal\/index.php\/wp-json\/wp\/v2\/posts"}],"about":[{"href":"https:\/\/dgospel.com.br\/portal\/index.php\/wp-json\/wp\/v2\/types\/post"}],"author":[{"embeddable":true,"href":"https:\/\/dgospel.com.br\/portal\/index.php\/wp-json\/wp\/v2\/users\/2"}],"replies":[{"embeddable":true,"href":"https:\/\/dgospel.com.br\/portal\/index.php\/wp-json\/wp\/v2\/comments?post=13276"}],"version-history":[{"count":1,"href":"https:\/\/dgospel.com.br\/portal\/index.php\/wp-json\/wp\/v2\/posts\/13276\/revisions"}],"predecessor-version":[{"id":13279,"href":"https:\/\/dgospel.com.br\/portal\/index.php\/wp-json\/wp\/v2\/posts\/13276\/revisions\/13279"}],"wp:featuredmedia":[{"embeddable":true,"href":"https:\/\/dgospel.com.br\/portal\/index.php\/wp-json\/wp\/v2\/media\/13277"}],"wp:attachment":[{"href":"https:\/\/dgospel.com.br\/portal\/index.php\/wp-json\/wp\/v2\/media?parent=13276"}],"wp:term":[{"taxonomy":"category","embeddable":true,"href":"https:\/\/dgospel.com.br\/portal\/index.php\/wp-json\/wp\/v2\/categories?post=13276"},{"taxonomy":"post_tag","embeddable":true,"href":"https:\/\/dgospel.com.br\/portal\/index.php\/wp-json\/wp\/v2\/tags?post=13276"}],"curies":[{"name":"wp","href":"https:\/\/api.w.org\/{rel}","templated":true}]}}