{"id":13280,"date":"2022-11-04T13:05:32","date_gmt":"2022-11-04T16:05:32","guid":{"rendered":"http:\/\/dgospel.com.br\/portal\/?p=13280"},"modified":"2022-11-04T13:05:33","modified_gmt":"2022-11-04T16:05:33","slug":"zambelli-vai-aos-eua-e-fala-em-restaurar-a-liberdade-no-brasil","status":"publish","type":"post","link":"https:\/\/dgospel.com.br\/portal\/index.php\/2022\/11\/04\/zambelli-vai-aos-eua-e-fala-em-restaurar-a-liberdade-no-brasil\/","title":{"rendered":"Zambelli vai aos EUA e fala em restaurar a liberdade no Brasil"},"content":{"rendered":"\n<p>A deputada federal Carla Zambelli (PL) viajou para os Estados Unidos para cumprir agendas pessoais. Sem redes sociais, que est\u00e3o censuradas desde ter\u00e7a-feira, a parlamentar esclareceu detalhes da viagem por meio de sua assessoria de imprensa.<\/p>\n\n\n\n<p>\u2013 N\u00e3o divulguei a viagem aos Estados Unidos simplesmente porque n\u00e3o tenho onde publicar, oras! A decis\u00e3o que censurou todos os meus canais de comunica\u00e7\u00e3o, inclusive o WhatsApp tem como objetivo controlar o fluxo de informa\u00e7\u00f5es e conter uma das maiores vozes conservadoras da internet com mais de 9.520.000 seguidores em sete redes sociais \u2013 informou.<\/p>\n\n\n\n<p>Confira \u00e0 nota completa de Carla Zambelli:<\/p>\n\n\n\n<p><em>\u00c9 atrav\u00e9s das minhas redes sociais que reporto eventos, fa\u00e7o questionamentos, trago conhecimento informativo e divulgo minha agenda.<\/em><\/p>\n\n\n\n<p><em>O resultado desse trabalho de confian\u00e7a e respeito me garantiu o t\u00edtulo de parlamentar de maior influ\u00eancia no Brasil nos \u00faltimos 2 anos segundo o FSB e 2 vezes a melhor deputada do Brasil, segundo o Congresso em Foco.<\/em><\/p>\n\n\n\n<p><em>A decis\u00e3o que censurou todos os meus canais de comunica\u00e7\u00e3o, inclusive o WhatsApp tem como objetivo controlar o fluxo de informa\u00e7\u00f5es e conter uma das maiores vozes conservadoras da internet com mais de 9.520.000 seguidores em sete redes sociais.<\/em><\/p>\n\n\n\n<p><em>N\u00e3o divulguei a viagem aos Estados Unidos simplesmente porque n\u00e3o tenho onde publicar, oras!<\/em><\/p>\n\n\n\n<p><em>Estou no meio desse movimento de conten\u00e7\u00e3o, repress\u00e3o e ataque \u00e0 liberdade.<\/em><\/p>\n\n\n\n<p><em>Estou cumprindo agendas pessoais e aproveitarei a ocasi\u00e3o para estudar meios de assegurar e restaurar a liberdade de express\u00e3o no Brasil junto a autoridades americanas.<\/em><\/p>\n","protected":false},"excerpt":{"rendered":"<p>A deputada federal Carla Zambelli (PL) viajou para os Estados Unidos para cumprir agendas pessoais. Sem redes sociais, que est\u00e3o censuradas desde ter\u00e7a-feira, a parlamentar esclareceu detalhes da viagem por meio de sua assessoria de imprensa. \u2013 N\u00e3o divulguei a viagem aos Estados Unidos simplesmente porque n\u00e3o tenho onde publicar, oras! A decis\u00e3o que censurou [&hellip;]<\/p>\n","protected":false},"author":2,"featured_media":13281,"comment_status":"open","ping_status":"open","sticky":false,"template":"","format":"standard","meta":[],"categories":[8],"tags":[],"_links":{"self":[{"href":"https:\/\/dgospel.com.br\/portal\/index.php\/wp-json\/wp\/v2\/posts\/13280"}],"collection":[{"href":"https:\/\/dgospel.com.br\/portal\/index.php\/wp-json\/wp\/v2\/posts"}],"about":[{"href":"https:\/\/dgospel.com.br\/portal\/index.php\/wp-json\/wp\/v2\/types\/post"}],"author":[{"embeddable":true,"href":"https:\/\/dgospel.com.br\/portal\/index.php\/wp-json\/wp\/v2\/users\/2"}],"replies":[{"embeddable":true,"href":"https:\/\/dgospel.com.br\/portal\/index.php\/wp-json\/wp\/v2\/comments?post=13280"}],"version-history":[{"count":1,"href":"https:\/\/dgospel.com.br\/portal\/index.php\/wp-json\/wp\/v2\/posts\/13280\/revisions"}],"predecessor-version":[{"id":13282,"href":"https:\/\/dgospel.com.br\/portal\/index.php\/wp-json\/wp\/v2\/posts\/13280\/revisions\/13282"}],"wp:featuredmedia":[{"embeddable":true,"href":"https:\/\/dgospel.com.br\/portal\/index.php\/wp-json\/wp\/v2\/media\/13281"}],"wp:attachment":[{"href":"https:\/\/dgospel.com.br\/portal\/index.php\/wp-json\/wp\/v2\/media?parent=13280"}],"wp:term":[{"taxonomy":"category","embeddable":true,"href":"https:\/\/dgospel.com.br\/portal\/index.php\/wp-json\/wp\/v2\/categories?post=13280"},{"taxonomy":"post_tag","embeddable":true,"href":"https:\/\/dgospel.com.br\/portal\/index.php\/wp-json\/wp\/v2\/tags?post=13280"}],"curies":[{"name":"wp","href":"https:\/\/api.w.org\/{rel}","templated":true}]}}