{"id":13283,"date":"2022-11-04T13:07:24","date_gmt":"2022-11-04T16:07:24","guid":{"rendered":"http:\/\/dgospel.com.br\/portal\/?p=13283"},"modified":"2022-11-04T13:07:25","modified_gmt":"2022-11-04T16:07:25","slug":"com-presidente-lula-pt-chegara-a-15-indicacoes-para-o-supremo","status":"publish","type":"post","link":"https:\/\/dgospel.com.br\/portal\/index.php\/2022\/11\/04\/com-presidente-lula-pt-chegara-a-15-indicacoes-para-o-supremo\/","title":{"rendered":"Com presidente Lula, PT chegar\u00e1 a 15 indica\u00e7\u00f5es para o Supremo"},"content":{"rendered":"\n<p>Com o ex-presidente&nbsp;<a href=\"http:\/\/pleno.news\/tag\/lula\" target=\"_blank\" rel=\"noreferrer noopener\">Lula<\/a>&nbsp;(PT) de volta ao Pal\u00e1cio do Planalto, presidentes filiados ao&nbsp;<a href=\"http:\/\/pleno.news\/tag\/pt\" target=\"_blank\" rel=\"noreferrer noopener\">PT<\/a>&nbsp;passar\u00e3o a figurar entre os que mais indicaram ministros para o Supremo Tribunal Federal (STF). O novo chefe do Executivo poder\u00e1 indicar dois nomes para as vagas de Ricardo Lewandowski, que se aposentar\u00e1 em maio, e Rosa Weber, em outubro. Assim, os petistas chegar\u00e3o a 15 indica\u00e7\u00f5es.<\/p>\n\n\n\n<p>Com os pr\u00f3ximos dois nomes, a sigla se igualar\u00e1 aos pol\u00edticos do Partido Republicano Mineiro, da Rep\u00fablica Velha. Esse n\u00famero s\u00f3 \u00e9 superado pelo regime militar, em que os cinco generais presidentes indicaram, entre 1964 e 1985, 32 ministros do STF \u2013 Castelo Branco ampliou o n\u00famero de ministros da Corte de 11 para 16 por meio do Ato Institucional n\u00famero 2.<\/p>\n\n\n\n<p>Nos seus dois primeiros mandatos, de 2003 a 2010, Lula indicou oito ministros e a ex-presidente Dilma Rousseff, outros cinco. Na atual composi\u00e7\u00e3o de 11 ministros da Corte, apenas quatro n\u00e3o chegaram ao tribunal pelas m\u00e3os dos governos petistas.<\/p>\n\n\n\n<p>*AE<\/p>\n","protected":false},"excerpt":{"rendered":"<p>Com o ex-presidente&nbsp;Lula&nbsp;(PT) de volta ao Pal\u00e1cio do Planalto, presidentes filiados ao&nbsp;PT&nbsp;passar\u00e3o a figurar entre os que mais indicaram ministros para o Supremo Tribunal Federal (STF). O novo chefe do Executivo poder\u00e1 indicar dois nomes para as vagas de Ricardo Lewandowski, que se aposentar\u00e1 em maio, e Rosa Weber, em outubro. Assim, os petistas chegar\u00e3o [&hellip;]<\/p>\n","protected":false},"author":2,"featured_media":13284,"comment_status":"open","ping_status":"open","sticky":false,"template":"","format":"standard","meta":[],"categories":[10],"tags":[],"_links":{"self":[{"href":"https:\/\/dgospel.com.br\/portal\/index.php\/wp-json\/wp\/v2\/posts\/13283"}],"collection":[{"href":"https:\/\/dgospel.com.br\/portal\/index.php\/wp-json\/wp\/v2\/posts"}],"about":[{"href":"https:\/\/dgospel.com.br\/portal\/index.php\/wp-json\/wp\/v2\/types\/post"}],"author":[{"embeddable":true,"href":"https:\/\/dgospel.com.br\/portal\/index.php\/wp-json\/wp\/v2\/users\/2"}],"replies":[{"embeddable":true,"href":"https:\/\/dgospel.com.br\/portal\/index.php\/wp-json\/wp\/v2\/comments?post=13283"}],"version-history":[{"count":1,"href":"https:\/\/dgospel.com.br\/portal\/index.php\/wp-json\/wp\/v2\/posts\/13283\/revisions"}],"predecessor-version":[{"id":13285,"href":"https:\/\/dgospel.com.br\/portal\/index.php\/wp-json\/wp\/v2\/posts\/13283\/revisions\/13285"}],"wp:featuredmedia":[{"embeddable":true,"href":"https:\/\/dgospel.com.br\/portal\/index.php\/wp-json\/wp\/v2\/media\/13284"}],"wp:attachment":[{"href":"https:\/\/dgospel.com.br\/portal\/index.php\/wp-json\/wp\/v2\/media?parent=13283"}],"wp:term":[{"taxonomy":"category","embeddable":true,"href":"https:\/\/dgospel.com.br\/portal\/index.php\/wp-json\/wp\/v2\/categories?post=13283"},{"taxonomy":"post_tag","embeddable":true,"href":"https:\/\/dgospel.com.br\/portal\/index.php\/wp-json\/wp\/v2\/tags?post=13283"}],"curies":[{"name":"wp","href":"https:\/\/api.w.org\/{rel}","templated":true}]}}