{"id":13286,"date":"2022-11-04T16:59:59","date_gmt":"2022-11-04T19:59:59","guid":{"rendered":"http:\/\/dgospel.com.br\/portal\/?p=13286"},"modified":"2022-11-04T17:00:00","modified_gmt":"2022-11-04T20:00:00","slug":"feliciano-apos-fala-de-gleisi-nao-ha-comunhao-entre-luz-e-trevas","status":"publish","type":"post","link":"https:\/\/dgospel.com.br\/portal\/index.php\/2022\/11\/04\/feliciano-apos-fala-de-gleisi-nao-ha-comunhao-entre-luz-e-trevas\/","title":{"rendered":"Feliciano ap\u00f3s fala de Gleisi: N\u00e3o h\u00e1 comunh\u00e3o entre luz e trevas"},"content":{"rendered":"\n<p>O pastor e deputado federal Marco Feliciano (PL-SP) se manifestou ap\u00f3s as declara\u00e7\u00f5es da presidente nacional do PT, Gleisi Hoffmann, que atacou o bispo Edir Macedo. Em post nas suas redes sociais, Hoffmann afirmou que a sigla dispensa o perd\u00e3o do religioso.<\/p>\n\n\n\n<p>\u2013 Dispensamos o perd\u00e3o de Edir Macedo. Ele \u00e9 quem precisa pedir perd\u00e3o a Deus pelas mentiras que propagou, a indu\u00e7\u00e3o de milh\u00f5es de pessoas a acreditarem em barbaridades sobre Lula e sobre o PT, usando a igreja e seus meios de comunica\u00e7\u00e3o para isso. A nossa consci\u00eancia est\u00e1 tranquila.<\/p>\n\n\n\n<figure class=\"wp-block-image\"><img src=\"https:\/\/static.cdn.pleno.news\/2022\/11\/gleisi.png\" alt=\"\" class=\"wp-image-1037975\"\/><figcaption>Postagem de Gleisi Hoffmann<\/figcaption><\/figure>\n\n\n\n<p>Pelo Twitter, Feliciano, que foi reeleito por S\u00e3o Paulo, afirma que as falas de Gleisi Hoffman devem servir como um alerta.<\/p>\n\n\n\n<p>\u2013 Que o tratamento dado ao bispo Macedo pela presidente do PT sirva de li\u00e7\u00e3o a todos os parlamentares evang\u00e9licos na C\u00e2mara dos Deputados e l\u00edderes crist\u00e3os no Brasil. N\u00e3o h\u00e1 mistura entre esquerda e direita. N\u00e3o h\u00e1 comunh\u00e3o entre luz e trevas! Dias sombrios nos aguardam \u2013 escreveu.<\/p>\n\n\n\n<figure class=\"wp-block-image\"><img src=\"https:\/\/static.cdn.pleno.news\/2022\/11\/Postagem-Feliciano.png\" alt=\"\" class=\"wp-image-1038091\"\/><figcaption>Postagem de Marco Feliciano<\/figcaption><\/figure>\n\n\n\n<p><strong>ENTENDA<\/strong><br>Na quinta (3), o principal l\u00edder e fundador da Igreja Universal do Reino de Deus,&nbsp;<a href=\"https:\/\/pleno.news\/brasil\/eleicoes-2022\/edir-macedo-pede-para-cristaos-olharem-para-a-frente.html\" target=\"_blank\" rel=\"noreferrer noopener\">postou um v\u00eddeo<\/a>&nbsp;em que fala de perd\u00e3o. O l\u00edder da Igreja Universal defende que a escolha da maioria foi feita e que o diabo pode se aproveitar da m\u00e1goa e insatisfa\u00e7\u00e3o do crist\u00e3o.<\/p>\n\n\n\n<p>\u2013 A escolha foi da maioria, obviamente, que votou. Ent\u00e3o, n\u00f3s n\u00e3o podemos ficar com m\u00e1goa, porque \u00e9 isso que o diabo quer. O diabo quer acabar com a sua f\u00e9, acabar com seu relacionamento com Deus, por causa de Lula ou dos pol\u00edticos. N\u00e3o d\u00e1, n\u00e3o d\u00e1. Bola para a frente, vamos olhar para a frente \u2013 afirmou.<\/p>\n\n\n\n<p>O l\u00edder religioso est\u00e1 em Genebra e contou o caso de uma fiel local. De acordo com ele, a mulher orou por perd\u00e3o a Lula durante um culto: \u201cFoi maravilhoso, \u00e9 bacana\u201d, disse.<\/p>\n\n\n\n<p>O bispo ressaltou que orou pela vit\u00f3ria de Jair Bolsonaro (PL), a quem ele apoia desde as elei\u00e7\u00f5es de 2018, mas que foi feita a vontade de Deus.<\/p>\n\n\n\n<p>\u2013 Deus fez a vontade dele. Eu pedi para ele fazer a vontade dele, e ele fez. Gra\u00e7as a Deus.<\/p>\n","protected":false},"excerpt":{"rendered":"<p>O pastor e deputado federal Marco Feliciano (PL-SP) se manifestou ap\u00f3s as declara\u00e7\u00f5es da presidente nacional do PT, Gleisi Hoffmann, que atacou o bispo Edir Macedo. Em post nas suas redes sociais, Hoffmann afirmou que a sigla dispensa o perd\u00e3o do religioso. \u2013 Dispensamos o perd\u00e3o de Edir Macedo. Ele \u00e9 quem precisa pedir perd\u00e3o [&hellip;]<\/p>\n","protected":false},"author":2,"featured_media":13287,"comment_status":"open","ping_status":"open","sticky":false,"template":"","format":"standard","meta":[],"categories":[4],"tags":[],"_links":{"self":[{"href":"https:\/\/dgospel.com.br\/portal\/index.php\/wp-json\/wp\/v2\/posts\/13286"}],"collection":[{"href":"https:\/\/dgospel.com.br\/portal\/index.php\/wp-json\/wp\/v2\/posts"}],"about":[{"href":"https:\/\/dgospel.com.br\/portal\/index.php\/wp-json\/wp\/v2\/types\/post"}],"author":[{"embeddable":true,"href":"https:\/\/dgospel.com.br\/portal\/index.php\/wp-json\/wp\/v2\/users\/2"}],"replies":[{"embeddable":true,"href":"https:\/\/dgospel.com.br\/portal\/index.php\/wp-json\/wp\/v2\/comments?post=13286"}],"version-history":[{"count":1,"href":"https:\/\/dgospel.com.br\/portal\/index.php\/wp-json\/wp\/v2\/posts\/13286\/revisions"}],"predecessor-version":[{"id":13288,"href":"https:\/\/dgospel.com.br\/portal\/index.php\/wp-json\/wp\/v2\/posts\/13286\/revisions\/13288"}],"wp:featuredmedia":[{"embeddable":true,"href":"https:\/\/dgospel.com.br\/portal\/index.php\/wp-json\/wp\/v2\/media\/13287"}],"wp:attachment":[{"href":"https:\/\/dgospel.com.br\/portal\/index.php\/wp-json\/wp\/v2\/media?parent=13286"}],"wp:term":[{"taxonomy":"category","embeddable":true,"href":"https:\/\/dgospel.com.br\/portal\/index.php\/wp-json\/wp\/v2\/categories?post=13286"},{"taxonomy":"post_tag","embeddable":true,"href":"https:\/\/dgospel.com.br\/portal\/index.php\/wp-json\/wp\/v2\/tags?post=13286"}],"curies":[{"name":"wp","href":"https:\/\/api.w.org\/{rel}","templated":true}]}}