{"id":13289,"date":"2022-11-04T17:07:53","date_gmt":"2022-11-04T20:07:53","guid":{"rendered":"http:\/\/dgospel.com.br\/portal\/?p=13289"},"modified":"2022-11-04T17:07:55","modified_gmt":"2022-11-04T20:07:55","slug":"carlos-jordy-diz-que-pl-nunca-cogitou-ser-base-de-lula","status":"publish","type":"post","link":"https:\/\/dgospel.com.br\/portal\/index.php\/2022\/11\/04\/carlos-jordy-diz-que-pl-nunca-cogitou-ser-base-de-lula\/","title":{"rendered":"Carlos Jordy diz que PL nunca cogitou ser base de Lula"},"content":{"rendered":"\n<p>Atrav\u00e9s de suas redes sociais, o deputado federal Carlos Jordy disse nesta sexta-feira (4) que o Partido Liberal (PL) presidido por Valdemar Costa Neto, e o Partido dos Trabalhadores (PT) n\u00e3o est\u00e3o ensaiando uma aproxima\u00e7\u00e3o.<\/p>\n\n\n\n<p>Alguns ve\u00edculos de comunica\u00e7\u00e3o informaram que as siglas poderiam se unir, assim, o partido de Bolsonaro se tornaria base para o governo petista.<\/p>\n\n\n\n<p>\u2013 Eu lhes asseguro: isso nunca foi cogitado, at\u00e9 porque seria ridicularizado quem propusesse isso. PL \u00e9 a maior bancada e ser\u00e1 o maior partido de oposi\u00e7\u00e3o da hist\u00f3ria! Novidades ter\u00e7a-feira que vem! \u2013 disse Jordy, aliado do atual presidente.<\/p>\n\n\n\n<p>Dos 513 deputados federais, 99 foram eleitos pelo PL. Em segundo lugar est\u00e1 o PT, com 68 deputados eleitos. Os partidos que mais conquistaram cadeiras na C\u00e2mara s\u00e3o: Uni\u00e3o Brasil (59), PP (47), PSD (42) e MDB (42).<\/p>\n\n\n\n<p><\/p>\n\n\n\n<figure class=\"wp-block-image size-full\"><img loading=\"lazy\" width=\"599\" height=\"374\" src=\"http:\/\/dgospel.com.br\/portal\/wp-content\/uploads\/2022\/11\/000000000000000000000011.jpg\" alt=\"\" class=\"wp-image-13290\" srcset=\"https:\/\/dgospel.com.br\/portal\/wp-content\/uploads\/2022\/11\/000000000000000000000011.jpg 599w, https:\/\/dgospel.com.br\/portal\/wp-content\/uploads\/2022\/11\/000000000000000000000011-300x187.jpg 300w, https:\/\/dgospel.com.br\/portal\/wp-content\/uploads\/2022\/11\/000000000000000000000011-240x150.jpg 240w, https:\/\/dgospel.com.br\/portal\/wp-content\/uploads\/2022\/11\/000000000000000000000011-474x297.jpg 474w\" sizes=\"(max-width: 599px) 100vw, 599px\" \/><\/figure>\n","protected":false},"excerpt":{"rendered":"<p>Atrav\u00e9s de suas redes sociais, o deputado federal Carlos Jordy disse nesta sexta-feira (4) que o Partido Liberal (PL) presidido por Valdemar Costa Neto, e o Partido dos Trabalhadores (PT) n\u00e3o est\u00e3o ensaiando uma aproxima\u00e7\u00e3o. Alguns ve\u00edculos de comunica\u00e7\u00e3o informaram que as siglas poderiam se unir, assim, o partido de Bolsonaro se tornaria base para [&hellip;]<\/p>\n","protected":false},"author":2,"featured_media":13291,"comment_status":"open","ping_status":"open","sticky":false,"template":"","format":"standard","meta":[],"categories":[4],"tags":[],"_links":{"self":[{"href":"https:\/\/dgospel.com.br\/portal\/index.php\/wp-json\/wp\/v2\/posts\/13289"}],"collection":[{"href":"https:\/\/dgospel.com.br\/portal\/index.php\/wp-json\/wp\/v2\/posts"}],"about":[{"href":"https:\/\/dgospel.com.br\/portal\/index.php\/wp-json\/wp\/v2\/types\/post"}],"author":[{"embeddable":true,"href":"https:\/\/dgospel.com.br\/portal\/index.php\/wp-json\/wp\/v2\/users\/2"}],"replies":[{"embeddable":true,"href":"https:\/\/dgospel.com.br\/portal\/index.php\/wp-json\/wp\/v2\/comments?post=13289"}],"version-history":[{"count":1,"href":"https:\/\/dgospel.com.br\/portal\/index.php\/wp-json\/wp\/v2\/posts\/13289\/revisions"}],"predecessor-version":[{"id":13292,"href":"https:\/\/dgospel.com.br\/portal\/index.php\/wp-json\/wp\/v2\/posts\/13289\/revisions\/13292"}],"wp:featuredmedia":[{"embeddable":true,"href":"https:\/\/dgospel.com.br\/portal\/index.php\/wp-json\/wp\/v2\/media\/13291"}],"wp:attachment":[{"href":"https:\/\/dgospel.com.br\/portal\/index.php\/wp-json\/wp\/v2\/media?parent=13289"}],"wp:term":[{"taxonomy":"category","embeddable":true,"href":"https:\/\/dgospel.com.br\/portal\/index.php\/wp-json\/wp\/v2\/categories?post=13289"},{"taxonomy":"post_tag","embeddable":true,"href":"https:\/\/dgospel.com.br\/portal\/index.php\/wp-json\/wp\/v2\/tags?post=13289"}],"curies":[{"name":"wp","href":"https:\/\/api.w.org\/{rel}","templated":true}]}}