{"id":13296,"date":"2022-11-04T17:15:53","date_gmt":"2022-11-04T20:15:53","guid":{"rendered":"http:\/\/dgospel.com.br\/portal\/?p=13296"},"modified":"2022-11-04T17:15:54","modified_gmt":"2022-11-04T20:15:54","slug":"imprensa-passa-a-chamar-orcamento-secreto-de-emendas-de-relator","status":"publish","type":"post","link":"https:\/\/dgospel.com.br\/portal\/index.php\/2022\/11\/04\/imprensa-passa-a-chamar-orcamento-secreto-de-emendas-de-relator\/","title":{"rendered":"Imprensa passa a chamar \u201cor\u00e7amento secreto\u201d de \u201cemendas de relator\u201d"},"content":{"rendered":"\n<p>Ap\u00f3s o ex-presidente&nbsp;<a href=\"http:\/\/pleno.news\/tag\/lula\" target=\"_blank\" rel=\"noreferrer noopener\">Lula<\/a>&nbsp;(PT) se eleger para o terceiro mandato na Presid\u00eancia da Rep\u00fablica no \u00faltimo domingo (30), alguns ve\u00edculos de imprensa de grande porte mudaram a postura em rela\u00e7\u00e3o a uma modalidade de emendas or\u00e7amentarias que era chamada de forma pejorativa por alguns ve\u00edculos de m\u00eddia como \u201cor\u00e7amento secreto\u201d.<\/p>\n\n\n\n<p>A alcunha, utilizada por diversos ve\u00edculos, foi substitu\u00edda nos \u00faltimos dias por seu nome oficial: emendas de relator. Se durante boa parte do governo Bolsonaro a despesa discricion\u00e1ria decorrente de emenda do relator-geral do Or\u00e7amento foi \u201ccriminalizada\u201d por jornais e emissoras que faziam oposi\u00e7\u00e3o ao presidente, agora ela passou a ser algo mais \u201cnormal\u201d.<\/p>\n\n\n\n<p>Um dos exemplos dessa constata\u00e7\u00e3o est\u00e1 no t\u00edtulo de uma reportagem publicada nesta quinta-feira (3) no site do jornal Folha de S\u00e3o Paulo, cuja manchete \u00e9 a seguinte:&nbsp;<em>Centr\u00e3o e aliados de Lula aceitam negociar mudan\u00e7as em emendas de relator.<\/em><\/p>\n\n\n\n<figure class=\"wp-block-image\"><img src=\"https:\/\/static.cdn.pleno.news\/2022\/11\/Screenshot_536-1024x488.jpg\" alt=\"\" class=\"wp-image-1037558\"\/><figcaption>T\u00edtulo da Folha passou a usar nome \u201cemendas de relator\u201d&nbsp;Foto: Reprodu\u00e7\u00e3o\/Folha de SP<\/figcaption><\/figure>\n\n\n\n<p>Al\u00e9m da Folha de S\u00e3o Paulo, o jornal O Globo foi outro ve\u00edculo a utilizar o termo oficial ao se referir \u00e0 emenda ap\u00f3s a elei\u00e7\u00e3o de Lula.<\/p>\n\n\n\n<p>Se, em abril deste ano, o termo \u201cOr\u00e7amento Secreto\u201d aparecia em letras garrafais em manchetes como:&nbsp;<em>Or\u00e7amento secreto: metade dos R$ 20 bilh\u00f5es das emendas de relator se destinou a 7,7% das cidades<\/em>, a op\u00e7\u00e3o escolhida para ser o t\u00edtulo de uma entrevista com o ex-presidente da C\u00e2mara dos Deputados Rodrigo Maia nesta quinta foi bem diferente.<\/p>\n\n\n\n<p>\u2013 \u201cEmenda de relator n\u00e3o \u00e9 impositiva, d\u00e1 pra negociar\u201d, diz Rodrigo Maia, ex-presidente da C\u00e2mara \u2013 afirmava a manchete da reportagem publicada na madrugada desta quinta.<\/p>\n\n\n\n<figure class=\"wp-block-image\"><img src=\"https:\/\/static.cdn.pleno.news\/2022\/11\/Screenshot_539.jpg\" alt=\"\" class=\"wp-image-1037565\"\/><figcaption>Jornal O Globo optou por usar o termo emendas de relator em frase de Rodrigo Maia&nbsp;Foto: Reprodu\u00e7\u00e3o\/Jornal O Globo<\/figcaption><\/figure>\n\n\n\n<p><strong>O QUE S\u00c3O AS EMENDAS DE RELATOR<br><\/strong>O relator que aparece na designa\u00e7\u00e3o da emenda \u00e9 o parlamentar que organiza o texto do Or\u00e7amento anual no Congresso. \u00c9 esse congressista que tamb\u00e9m organiza a distribui\u00e7\u00e3o de emendas individuais e de bancada junto aos demais deputados e senadores.<\/p>\n\n\n\n<p>As tais emendas do relator s\u00e3o, portanto, ferramentas criadas pelo Or\u00e7amento que d\u00e3o ao relator o direito de encaminhar emendas que precisam ser priorizadas pelo Executivo. Pelo fato de elas n\u00e3o serem claramente discriminadas nos sistemas nos quais \u00e9 feito o controle da execu\u00e7\u00e3o or\u00e7ament\u00e1ria, que elas passaram a ser chamadas vulgarmente de \u201cor\u00e7amento secreto\u201d.<\/p>\n\n\n\n<figure class=\"wp-block-embed is-type-rich is-provider-incorporar-manipulador wp-block-embed-incorporar-manipulador wp-embed-aspect-16-9 wp-has-aspect-ratio\"><div class=\"wp-block-embed__wrapper\">\n<iframe loading=\"lazy\" title=\"Entenda o que \u00e9 o or\u00e7amento secreto | CNN PRIME TIME\" width=\"630\" height=\"354\" src=\"https:\/\/www.youtube.com\/embed\/Nit2lIQzx0I?feature=oembed\" frameborder=\"0\" allow=\"accelerometer; autoplay; clipboard-write; encrypted-media; gyroscope; picture-in-picture\" allowfullscreen><\/iframe>\n<\/div><\/figure>\n","protected":false},"excerpt":{"rendered":"<p>Ap\u00f3s o ex-presidente&nbsp;Lula&nbsp;(PT) se eleger para o terceiro mandato na Presid\u00eancia da Rep\u00fablica no \u00faltimo domingo (30), alguns ve\u00edculos de imprensa de grande porte mudaram a postura em rela\u00e7\u00e3o a uma modalidade de emendas or\u00e7amentarias que era chamada de forma pejorativa por alguns ve\u00edculos de m\u00eddia como \u201cor\u00e7amento secreto\u201d. A alcunha, utilizada por diversos ve\u00edculos, [&hellip;]<\/p>\n","protected":false},"author":2,"featured_media":13298,"comment_status":"open","ping_status":"open","sticky":false,"template":"","format":"standard","meta":[],"categories":[10],"tags":[],"_links":{"self":[{"href":"https:\/\/dgospel.com.br\/portal\/index.php\/wp-json\/wp\/v2\/posts\/13296"}],"collection":[{"href":"https:\/\/dgospel.com.br\/portal\/index.php\/wp-json\/wp\/v2\/posts"}],"about":[{"href":"https:\/\/dgospel.com.br\/portal\/index.php\/wp-json\/wp\/v2\/types\/post"}],"author":[{"embeddable":true,"href":"https:\/\/dgospel.com.br\/portal\/index.php\/wp-json\/wp\/v2\/users\/2"}],"replies":[{"embeddable":true,"href":"https:\/\/dgospel.com.br\/portal\/index.php\/wp-json\/wp\/v2\/comments?post=13296"}],"version-history":[{"count":1,"href":"https:\/\/dgospel.com.br\/portal\/index.php\/wp-json\/wp\/v2\/posts\/13296\/revisions"}],"predecessor-version":[{"id":13299,"href":"https:\/\/dgospel.com.br\/portal\/index.php\/wp-json\/wp\/v2\/posts\/13296\/revisions\/13299"}],"wp:featuredmedia":[{"embeddable":true,"href":"https:\/\/dgospel.com.br\/portal\/index.php\/wp-json\/wp\/v2\/media\/13298"}],"wp:attachment":[{"href":"https:\/\/dgospel.com.br\/portal\/index.php\/wp-json\/wp\/v2\/media?parent=13296"}],"wp:term":[{"taxonomy":"category","embeddable":true,"href":"https:\/\/dgospel.com.br\/portal\/index.php\/wp-json\/wp\/v2\/categories?post=13296"},{"taxonomy":"post_tag","embeddable":true,"href":"https:\/\/dgospel.com.br\/portal\/index.php\/wp-json\/wp\/v2\/tags?post=13296"}],"curies":[{"name":"wp","href":"https:\/\/api.w.org\/{rel}","templated":true}]}}