{"id":13306,"date":"2022-11-07T09:52:45","date_gmt":"2022-11-07T12:52:45","guid":{"rendered":"http:\/\/dgospel.com.br\/portal\/?p=13306"},"modified":"2022-11-07T09:52:47","modified_gmt":"2022-11-07T12:52:47","slug":"apos-eleicao-petrobras-perde-r-54-bilhoes-em-valor-de-mercado","status":"publish","type":"post","link":"https:\/\/dgospel.com.br\/portal\/index.php\/2022\/11\/07\/apos-eleicao-petrobras-perde-r-54-bilhoes-em-valor-de-mercado\/","title":{"rendered":"Ap\u00f3s elei\u00e7\u00e3o, Petrobras perde R$ 54 bilh\u00f5es em valor de mercado"},"content":{"rendered":"\n<p>A semana que sucedeu o resultado das elei\u00e7\u00f5es presidenciais brasileiras n\u00e3o foi nada positiva para a&nbsp;<a href=\"https:\/\/pleno.news\/tag\/petrobras\" target=\"_blank\" rel=\"noreferrer noopener\">Petrobras<\/a>. No acumulado semanal, a companhia teve perda de R$ 54 bilh\u00f5es em valor de mercado. A empresa terminou a semana valendo R$ 395 bilh\u00f5es.<\/p>\n\n\n\n<p>O temor do mercado atualmente \u00e9 de que a pol\u00edtica de paridade internacional de pre\u00e7os da Petrobras seja amea\u00e7ada sob o futuro governo de\u00a0<a rel=\"noreferrer noopener\" href=\"https:\/\/pleno.news\/tag\/lula\" target=\"_blank\">Luiz In\u00e1cio Lula da Silva<\/a>\u00a0(PT), o que poderia reduzir o potencial de lucro da companha e, consequentemente, os dividendos pagos aos acionistas.<\/p>\n\n\n\n<p>As incertezas sobre o futuro da companhia, no entanto, j\u00e1 vinham acontecendo h\u00e1 algum tempo, desde que as pesquisas indicavam que o petista liderava a corrida presidencial. Somadas \u00e0s perdas da semana anterior, as a\u00e7\u00f5es da Petrobras desabaram 25%.<\/p>\n\n\n\n<p>Somado a esse cen\u00e1rio est\u00e1 o temor a respeito dos riscos sobre os dividendos da Petrobras. Isso porque o pagamento de R$ 43,7 bilh\u00f5es (R$ 3,3489 por a\u00e7\u00e3o), anunciado pela estatal, foi alvo de pedido de suspens\u00e3o na \u00faltima sexta pelo subprocurador-geral junto ao Tribunal de Contas da Uni\u00e3o (TCU), Lucas Furtado.<\/p>\n\n\n\n<p>Entre os argumentos elencados pelo subprocurador-geral no pedido est\u00e1 o fato de o dividendo anunciado pela Petrobras se referir \u00e0 antecipa\u00e7\u00e3o da remunera\u00e7\u00e3o aos acionistas referentes ao exerc\u00edcio de 2022 e que ser\u00e3o abatidos dos dividendos a serem aprovados na Assembleia Geral Ordin\u00e1ria de 2023.<\/p>\n","protected":false},"excerpt":{"rendered":"<p>A semana que sucedeu o resultado das elei\u00e7\u00f5es presidenciais brasileiras n\u00e3o foi nada positiva para a&nbsp;Petrobras. No acumulado semanal, a companhia teve perda de R$ 54 bilh\u00f5es em valor de mercado. A empresa terminou a semana valendo R$ 395 bilh\u00f5es. O temor do mercado atualmente \u00e9 de que a pol\u00edtica de paridade internacional de pre\u00e7os [&hellip;]<\/p>\n","protected":false},"author":2,"featured_media":13307,"comment_status":"open","ping_status":"open","sticky":false,"template":"","format":"standard","meta":[],"categories":[10],"tags":[13],"_links":{"self":[{"href":"https:\/\/dgospel.com.br\/portal\/index.php\/wp-json\/wp\/v2\/posts\/13306"}],"collection":[{"href":"https:\/\/dgospel.com.br\/portal\/index.php\/wp-json\/wp\/v2\/posts"}],"about":[{"href":"https:\/\/dgospel.com.br\/portal\/index.php\/wp-json\/wp\/v2\/types\/post"}],"author":[{"embeddable":true,"href":"https:\/\/dgospel.com.br\/portal\/index.php\/wp-json\/wp\/v2\/users\/2"}],"replies":[{"embeddable":true,"href":"https:\/\/dgospel.com.br\/portal\/index.php\/wp-json\/wp\/v2\/comments?post=13306"}],"version-history":[{"count":1,"href":"https:\/\/dgospel.com.br\/portal\/index.php\/wp-json\/wp\/v2\/posts\/13306\/revisions"}],"predecessor-version":[{"id":13308,"href":"https:\/\/dgospel.com.br\/portal\/index.php\/wp-json\/wp\/v2\/posts\/13306\/revisions\/13308"}],"wp:featuredmedia":[{"embeddable":true,"href":"https:\/\/dgospel.com.br\/portal\/index.php\/wp-json\/wp\/v2\/media\/13307"}],"wp:attachment":[{"href":"https:\/\/dgospel.com.br\/portal\/index.php\/wp-json\/wp\/v2\/media?parent=13306"}],"wp:term":[{"taxonomy":"category","embeddable":true,"href":"https:\/\/dgospel.com.br\/portal\/index.php\/wp-json\/wp\/v2\/categories?post=13306"},{"taxonomy":"post_tag","embeddable":true,"href":"https:\/\/dgospel.com.br\/portal\/index.php\/wp-json\/wp\/v2\/tags?post=13306"}],"curies":[{"name":"wp","href":"https:\/\/api.w.org\/{rel}","templated":true}]}}