{"id":13309,"date":"2022-11-07T10:39:04","date_gmt":"2022-11-07T13:39:04","guid":{"rendered":"http:\/\/dgospel.com.br\/portal\/?p=13309"},"modified":"2022-11-07T10:39:06","modified_gmt":"2022-11-07T13:39:06","slug":"movimentos-como-o-mst-devem-participar-da-transicao-de-lula","status":"publish","type":"post","link":"https:\/\/dgospel.com.br\/portal\/index.php\/2022\/11\/07\/movimentos-como-o-mst-devem-participar-da-transicao-de-lula\/","title":{"rendered":"Movimentos como o MST devem participar da transi\u00e7\u00e3o de Lula"},"content":{"rendered":"\n<p>Movimentos sociais que possuem uma proximidade hist\u00f3rica com os governos do PT e com o presidente eleito&nbsp;<a href=\"https:\/\/pleno.news\/tag\/lula\" target=\"_blank\" rel=\"noreferrer noopener\">Luiz In\u00e1cio Lula da Silva<\/a>&nbsp;(PT), como o Movimento dos Trabalhadores Sem Terra (<a href=\"https:\/\/pleno.news\/tag\/mst\" target=\"_blank\" rel=\"noreferrer noopener\">MST<\/a>), devem participar do grupo de transi\u00e7\u00e3o do petista que atuar\u00e1 nas pr\u00f3ximas semanas. A indica\u00e7\u00e3o deve acontecer at\u00e9 a pr\u00f3xima ter\u00e7a-feira (8).<\/p>\n\n\n\n<p>A informa\u00e7\u00e3o foi divulgada pela coluna Blog do Noblat, do site Metr\u00f3poles, a partir de informa\u00e7\u00f5es repassadas pelo coordenador nacional do MST, Jo\u00e3o Paulo Rodrigues. De acordo com o l\u00edder do movimento, das 50 vagas do grupo de transi\u00e7\u00e3o, o n\u00famero de escolhidos entre movimentos sociais, centrais e ONGs deve chegar a 10.<\/p>\n\n\n\n<p>\u2013 \u00c9 necess\u00e1rio ter uma representa\u00e7\u00e3o [no grupo de transi\u00e7\u00e3o] de toda for\u00e7a que elegeu o Lula e os apoios que chegaram no segundo turno. \u00c9 transparente, ajuda a identificar os problemas a partir da l\u00f3gica de cada agrupamento social. \u00c9 democr\u00e1tico e facilita depois a montagem do governo \u2013 disse Jo\u00e3o Paulo ao Blog do Noblat.<\/p>\n\n\n\n<p>\u00c0 publica\u00e7\u00e3o, o l\u00edder do MST afirmou ainda que ele mesmo n\u00e3o dever\u00e1 participar, mas que o grupo ir\u00e1 indicar nomes t\u00e9cnicos, a exemplo de outras organiza\u00e7\u00f5es. Rodrigues tamb\u00e9m aproveitou para fazer ataques ao governo do presidente&nbsp;<a href=\"https:\/\/pleno.news\/tag\/jair-bolsonaro\" target=\"_blank\" rel=\"noreferrer noopener\">Jair Bolsonaro<\/a>&nbsp;(PL) e disse que a atual administra\u00e7\u00e3o teria deixado uma \u201cheran\u00e7a maldita\u201d.<\/p>\n\n\n\n<p>\u2013 \u00d3bvio que todos sabem que quem vai para o grupo de transi\u00e7\u00e3o, necessariamente n\u00e3o vai para o governo. Mas voc\u00ea ter acesso \u00e0s informa\u00e7\u00f5es da famosa heran\u00e7a maldita que o Bolsonaro deixou para n\u00f3s ir\u00e1 facilitar o entendimento do que cobrar, como ajudar e at\u00e9 do que criticar no pr\u00f3ximo governo Lula \u2013 completou.<\/p>\n","protected":false},"excerpt":{"rendered":"<p>Movimentos sociais que possuem uma proximidade hist\u00f3rica com os governos do PT e com o presidente eleito&nbsp;Luiz In\u00e1cio Lula da Silva&nbsp;(PT), como o Movimento dos Trabalhadores Sem Terra (MST), devem participar do grupo de transi\u00e7\u00e3o do petista que atuar\u00e1 nas pr\u00f3ximas semanas. A indica\u00e7\u00e3o deve acontecer at\u00e9 a pr\u00f3xima ter\u00e7a-feira (8). A informa\u00e7\u00e3o foi divulgada [&hellip;]<\/p>\n","protected":false},"author":2,"featured_media":13310,"comment_status":"open","ping_status":"open","sticky":false,"template":"","format":"standard","meta":[],"categories":[4],"tags":[],"_links":{"self":[{"href":"https:\/\/dgospel.com.br\/portal\/index.php\/wp-json\/wp\/v2\/posts\/13309"}],"collection":[{"href":"https:\/\/dgospel.com.br\/portal\/index.php\/wp-json\/wp\/v2\/posts"}],"about":[{"href":"https:\/\/dgospel.com.br\/portal\/index.php\/wp-json\/wp\/v2\/types\/post"}],"author":[{"embeddable":true,"href":"https:\/\/dgospel.com.br\/portal\/index.php\/wp-json\/wp\/v2\/users\/2"}],"replies":[{"embeddable":true,"href":"https:\/\/dgospel.com.br\/portal\/index.php\/wp-json\/wp\/v2\/comments?post=13309"}],"version-history":[{"count":1,"href":"https:\/\/dgospel.com.br\/portal\/index.php\/wp-json\/wp\/v2\/posts\/13309\/revisions"}],"predecessor-version":[{"id":13311,"href":"https:\/\/dgospel.com.br\/portal\/index.php\/wp-json\/wp\/v2\/posts\/13309\/revisions\/13311"}],"wp:featuredmedia":[{"embeddable":true,"href":"https:\/\/dgospel.com.br\/portal\/index.php\/wp-json\/wp\/v2\/media\/13310"}],"wp:attachment":[{"href":"https:\/\/dgospel.com.br\/portal\/index.php\/wp-json\/wp\/v2\/media?parent=13309"}],"wp:term":[{"taxonomy":"category","embeddable":true,"href":"https:\/\/dgospel.com.br\/portal\/index.php\/wp-json\/wp\/v2\/categories?post=13309"},{"taxonomy":"post_tag","embeddable":true,"href":"https:\/\/dgospel.com.br\/portal\/index.php\/wp-json\/wp\/v2\/tags?post=13309"}],"curies":[{"name":"wp","href":"https:\/\/api.w.org\/{rel}","templated":true}]}}