{"id":1331,"date":"2018-09-15T17:55:18","date_gmt":"2018-09-15T20:55:18","guid":{"rendered":"http:\/\/dgospel.com.br\/portal\/?p=1331"},"modified":"2018-09-15T17:55:18","modified_gmt":"2018-09-15T20:55:18","slug":"ex-prefeitos-e-vereadores-da-regiao-norte-aderem-a-campanha-de-amastha","status":"publish","type":"post","link":"https:\/\/dgospel.com.br\/portal\/index.php\/2018\/09\/15\/ex-prefeitos-e-vereadores-da-regiao-norte-aderem-a-campanha-de-amastha\/","title":{"rendered":"Ex-prefeitos e vereadores da regi\u00e3o Norte aderem \u00e0 campanha de Amastha"},"content":{"rendered":"<p><strong><em>Laudeci Ribeiro, de Pau D\u2019Arco, e Ant\u00f4nio Mota (PR), de Aragominas, destacam gest\u00e3o do candidato a governador pelo PSB em Palmas e o veem como a melhor op\u00e7\u00e3o para fazer o Estado se desenvolver e gerar oportunidades no interior<\/em><\/strong><\/p>\n<p>Candidato a governador pelo PSB, Carlos Amastha afirmou, em grande com\u00edcio nesta quarta-feira, 12, que Aragua\u00edna seria o motor da arrancada de sua campanha rumo \u00e0 vit\u00f3ria. E os movimentos desta semana acompanham sua previs\u00e3o atrav\u00e9s das v\u00e1rias ades\u00f5es de lideran\u00e7as pol\u00edticas a sua candidatura que v\u00eam ocorrendo na regi\u00e3o Norte. Em Pau D\u2019Arco, a ex-prefeita Laudeci Ribeiro e o vereador Gilson Antero, ambos do MDB, j\u00e1 est\u00e3o nas ruas pedindo voto para Amastha, assim como o ex-prefeito de Aragominas Ant\u00f4nio Mota (PR) e o vereador Devanir Pereira (MDB), al\u00e9m da vereadora de Muricil\u00e2ndia Meilene Costa (PSL).<\/p>\n<p>\u201cEle provou que tem compet\u00eancia para governar o Tocantins, pois transformou para Capital e melhorou a qualidade vida dos palmenses. Precisamos de um gestor voltado para a sa\u00fade e valoriza\u00e7\u00e3o da educa\u00e7\u00e3o. Ele vai ser o melhor pra n\u00f3s, o melhor para o Estado\u201d, justificou a ex-prefeita Laudeci, lembrando que a recupera\u00e7\u00e3o da TO-427, abandonada pelo governo do Estado.<\/p>\n<p>\u201cTive a oportunidade de conhec\u00ea-lo. Palmas vive uma realidade diferente, porque foi administrada de forma moderna. Amastha tem compet\u00eancia para governar o Tocantins\u201d, ressaltou o vereador Antero.<\/p>\n<p>J\u00e1 o ex-prefeito Ant\u00f4nio Mota v\u00ea os munic\u00edpios abandonados pelo atual governo e entende que Amastha tem projetos que realmente podem fazer as cidades do interior se desenvolverem e criar oportunidades para seus moradores.<\/p>\n<p>&nbsp;<\/p>\n<p><strong>Lideran\u00e7a jovem<\/strong><\/p>\n<p>&nbsp;<\/p>\n<p>\u201dFeliz por manifestar o meu apoio a Amastha. O que me deixa mais feliz \u00e9 ver o Amastha aqui. A elei\u00e7\u00e3o n\u00e3o acabou, e n\u00f3s vamos mostrar isso \u00e9 nas urnas. Estamos com o 40 e vamos lutar\u201d, revelou a jovem vereadora Meilene Costa (PSL). E revelou: \u201cRecebi muitas liga\u00e7\u00f5es pra n\u00e3o declarar apoio ao ex-prefeito de Palmas, mas disse que n\u00e3o tinha rabo preso com ningu\u00e9m\u201d.<\/p>\n","protected":false},"excerpt":{"rendered":"<p>Laudeci Ribeiro, de Pau D\u2019Arco, e Ant\u00f4nio Mota (PR), de Aragominas, destacam gest\u00e3o do candidato a governador pelo PSB em Palmas e o veem como a melhor op\u00e7\u00e3o para fazer o Estado se desenvolver e gerar oportunidades no interior Candidato a governador pelo PSB, Carlos Amastha afirmou, em grande com\u00edcio nesta quarta-feira, 12, que Aragua\u00edna [&hellip;]<\/p>\n","protected":false},"author":2,"featured_media":1332,"comment_status":"open","ping_status":"open","sticky":false,"template":"","format":"standard","meta":[],"categories":[2,4],"tags":[],"_links":{"self":[{"href":"https:\/\/dgospel.com.br\/portal\/index.php\/wp-json\/wp\/v2\/posts\/1331"}],"collection":[{"href":"https:\/\/dgospel.com.br\/portal\/index.php\/wp-json\/wp\/v2\/posts"}],"about":[{"href":"https:\/\/dgospel.com.br\/portal\/index.php\/wp-json\/wp\/v2\/types\/post"}],"author":[{"embeddable":true,"href":"https:\/\/dgospel.com.br\/portal\/index.php\/wp-json\/wp\/v2\/users\/2"}],"replies":[{"embeddable":true,"href":"https:\/\/dgospel.com.br\/portal\/index.php\/wp-json\/wp\/v2\/comments?post=1331"}],"version-history":[{"count":1,"href":"https:\/\/dgospel.com.br\/portal\/index.php\/wp-json\/wp\/v2\/posts\/1331\/revisions"}],"predecessor-version":[{"id":1333,"href":"https:\/\/dgospel.com.br\/portal\/index.php\/wp-json\/wp\/v2\/posts\/1331\/revisions\/1333"}],"wp:featuredmedia":[{"embeddable":true,"href":"https:\/\/dgospel.com.br\/portal\/index.php\/wp-json\/wp\/v2\/media\/1332"}],"wp:attachment":[{"href":"https:\/\/dgospel.com.br\/portal\/index.php\/wp-json\/wp\/v2\/media?parent=1331"}],"wp:term":[{"taxonomy":"category","embeddable":true,"href":"https:\/\/dgospel.com.br\/portal\/index.php\/wp-json\/wp\/v2\/categories?post=1331"},{"taxonomy":"post_tag","embeddable":true,"href":"https:\/\/dgospel.com.br\/portal\/index.php\/wp-json\/wp\/v2\/tags?post=1331"}],"curies":[{"name":"wp","href":"https:\/\/api.w.org\/{rel}","templated":true}]}}