{"id":13315,"date":"2022-11-07T10:47:19","date_gmt":"2022-11-07T13:47:19","guid":{"rendered":"http:\/\/dgospel.com.br\/portal\/?p=13315"},"modified":"2022-11-07T10:47:20","modified_gmt":"2022-11-07T13:47:20","slug":"governo-do-tocantins-trabalha-para-a-eliminacao-da-malaria","status":"publish","type":"post","link":"https:\/\/dgospel.com.br\/portal\/index.php\/2022\/11\/07\/governo-do-tocantins-trabalha-para-a-eliminacao-da-malaria\/","title":{"rendered":"Governo do Tocantins trabalha para a elimina\u00e7\u00e3o da mal\u00e1ria"},"content":{"rendered":"\n<p>O Tocantins \u00e9 um dos Estados da regi\u00e3o amaz\u00f4nica que contribui com o menor n\u00famero de casos notificados de mal\u00e1ria no pa\u00eds. No dia em que se comemora o Dia da Mal\u00e1ria nas Am\u00e9ricas, celebrado no 6 de novembro, &nbsp;o Estado completa tr\u00eas anos sem registro de casos aut\u00f3ctones, quando a pessoa \u00e9 contaminada no seu territ\u00f3rio, contribuindo para a elimina\u00e7\u00e3o da doen\u00e7a no pa\u00eds e nas Am\u00e9ricas. Nos \u00faltimos tr\u00eas anos foi reduzido em 100 % o n\u00famero de casos aut\u00f3ctones e 70% os casos importados.<br><br>\u201cOs dados foram alcan\u00e7ados gra\u00e7as ao acompanhamento sistem\u00e1tico dos casos importados, detec\u00e7\u00e3o e tratamento adequado, preven\u00e7\u00e3o e controle de eventuais surtos, disponibilidade de novos m\u00e9todos diagn\u00f3sticos (Teste de Diagn\u00f3stico R\u00e1pido), desenvolvimento de a\u00e7\u00f5es cont\u00ednuas de educa\u00e7\u00e3o em sa\u00fade e maior visibilidade da doen\u00e7a nos canais de comunica\u00e7\u00e3o locais. Um trabalho incans\u00e1vel dos profissionais do Estado e dos Munic\u00edpios\u201d, disse o assessor t\u00e9cnico do Programa Estadual de Mal\u00e1ria do Tocantins da Secretaria de Estado da Sa\u00fade (SES-TO), Marco Aur\u00e9lio Martins.<br>&nbsp;<br>Atualmente, os casos notificados no Estado s\u00e3o 100% importados, com 18 registros em 2022, advindos dos demais estados da regi\u00e3o amaz\u00f4nica \u2013 (Amazonas, Amap\u00e1, Par\u00e1, Rond\u00f4nia e Roraima) e de outros pa\u00edses (Angola e Suriname).<br>&nbsp;<br><strong>Plano de Elimina\u00e7\u00e3o<\/strong><br>&nbsp;<br>O t\u00e9cnico complementa que o Tocantins faz parte do Plano Nacional de Elimina\u00e7\u00e3o da Mal\u00e1ria, do Minist\u00e9rio da Sa\u00fade (MS), o qual busca diminuir o n\u00famero de casos aut\u00f3ctones (transmitidos dentro do pa\u00eds) para menos de 68 mil at\u00e9 2025, reduzir a quantidade de \u00f3bitos para zero at\u00e9 2030 e eliminar a doen\u00e7a no territ\u00f3rio brasileiro at\u00e9 2035. \u201cO Estado, juntamente com os munic\u00edpios, trabalham para evitar a reintrodu\u00e7\u00e3o da transmiss\u00e3o aut\u00f3ctone de mal\u00e1ria, fortalecendo a vigil\u00e2ncia e principalmente intensificando a\u00e7\u00f5es para melhorar a detec\u00e7\u00e3o precoce e o tratamento oportuno dos casos\u201d, pontuou.<\/p>\n\n\n\n<p>A consultora t\u00e9cnica do Minist\u00e9rio da Sa\u00fade (MS) para elimina\u00e7\u00e3o da mal\u00e1ria, Joana Martins de Sena afirmou que o Tocantins, em parceria com os demais estados da Federa\u00e7\u00e3o, assinou a carta de compromisso para viabilizar condi\u00e7\u00f5es necess\u00e1rias para execu\u00e7\u00e3o dos planos de elimina\u00e7\u00e3o da doen\u00e7a no Estado e apoiar os munic\u00edpios. \u201cO Tocantins e seus munic\u00edpios priorit\u00e1rios j\u00e1 trabalham com os Planos de Elimina\u00e7\u00e3o desde 2020, o que j\u00e1 traz resultados relevantes para o Estado e o pa\u00eds\u201d.<br>&nbsp;<br><strong>Mal\u00e1ria<\/strong><br>&nbsp;<br>\u00c9 uma doen\u00e7a febril aguda, potencialmente fatal, causada por parasitos (Plasmodium) que s\u00e3o transmitidos \u00e0s pessoas pela picada do mosquito f\u00eamea infectada Anopheles (conhecido popularmente como suvela).<br>&nbsp;<br>Os sintomas incluem febre, dor de cabe\u00e7a e calafrios, aparecem geralmente entre 8 e 15 dias ap\u00f3s a picada do mosquito e podem ser leves e se confundir com outras doen\u00e7as febris. O diagn\u00f3stico pode ser feito por meio da coleta de sangue retirada na ponta do dedo e o resultado sai em at\u00e9 24 horas nos laborat\u00f3rios p\u00fablicos ou na rede particular.<br>&nbsp;<br>O tratamento \u00e9 feito com antimal\u00e1ricos conforme a esp\u00e9cie de mal\u00e1ria (P. vivax e P. falciparum) e peso do paciente. \u00c9 importante concluir o tratamento para cura completa da doen\u00e7a, mesmo que tenham desaparecido os sintomas ao tomar as primeiras doses.<br>&nbsp;<br><strong>Preven\u00e7\u00e3o<\/strong><\/p>\n\n\n\n<p>As medidas de preven\u00e7\u00e3o s\u00e3o de extrema import\u00e2ncia, especialmente para viajantes\/turistas, garimpeiros, pescadores e trabalhadores que se exp\u00f5em em \u00e1reas de matas. A doen\u00e7a pode ser prevenida adotando medidas como: n\u00e3o se expor no hor\u00e1rio de atividade do mosquito transmissor que \u00e9 principalmente ao anoitecer e ao amanhecer e usar roupas de mangas longas que protejam bra\u00e7os e pernas, repelentes, mosquiteiros, telas em portas e janelas em regi\u00f5es de matas e beiras de rios.<\/p>\n\n\n\n<p><img src=\"https:\/\/central.to.gov.br\/image\/307879?w=670&amp;h=383\"><\/p>\n\n\n\n<p>A\u00e7\u00f5es de preven\u00e7\u00e3o e organiza\u00e7\u00e3o dos servi\u00e7os de Sa\u00fade fomentam a redu\u00e7\u00e3o dos casos &#8211; Sa\u00fade\/Governo do Tocantins<\/p>\n\n\n\n<p><img src=\"https:\/\/central.to.gov.br\/image\/307880?w=670&amp;h=383\"><\/p>\n\n\n\n<p>Assessoria T\u00e9cnica no munic\u00edpio de Esperantina &#8211; Sa\u00fade\/Governo do Tocantins&nbsp;<\/p>\n","protected":false},"excerpt":{"rendered":"<p>O Tocantins \u00e9 um dos Estados da regi\u00e3o amaz\u00f4nica que contribui com o menor n\u00famero de casos notificados de mal\u00e1ria no pa\u00eds. No dia em que se comemora o Dia da Mal\u00e1ria nas Am\u00e9ricas, celebrado no 6 de novembro, &nbsp;o Estado completa tr\u00eas anos sem registro de casos aut\u00f3ctones, quando a pessoa \u00e9 contaminada no [&hellip;]<\/p>\n","protected":false},"author":2,"featured_media":13316,"comment_status":"closed","ping_status":"open","sticky":false,"template":"","format":"standard","meta":[],"categories":[3],"tags":[13],"_links":{"self":[{"href":"https:\/\/dgospel.com.br\/portal\/index.php\/wp-json\/wp\/v2\/posts\/13315"}],"collection":[{"href":"https:\/\/dgospel.com.br\/portal\/index.php\/wp-json\/wp\/v2\/posts"}],"about":[{"href":"https:\/\/dgospel.com.br\/portal\/index.php\/wp-json\/wp\/v2\/types\/post"}],"author":[{"embeddable":true,"href":"https:\/\/dgospel.com.br\/portal\/index.php\/wp-json\/wp\/v2\/users\/2"}],"replies":[{"embeddable":true,"href":"https:\/\/dgospel.com.br\/portal\/index.php\/wp-json\/wp\/v2\/comments?post=13315"}],"version-history":[{"count":1,"href":"https:\/\/dgospel.com.br\/portal\/index.php\/wp-json\/wp\/v2\/posts\/13315\/revisions"}],"predecessor-version":[{"id":13317,"href":"https:\/\/dgospel.com.br\/portal\/index.php\/wp-json\/wp\/v2\/posts\/13315\/revisions\/13317"}],"wp:featuredmedia":[{"embeddable":true,"href":"https:\/\/dgospel.com.br\/portal\/index.php\/wp-json\/wp\/v2\/media\/13316"}],"wp:attachment":[{"href":"https:\/\/dgospel.com.br\/portal\/index.php\/wp-json\/wp\/v2\/media?parent=13315"}],"wp:term":[{"taxonomy":"category","embeddable":true,"href":"https:\/\/dgospel.com.br\/portal\/index.php\/wp-json\/wp\/v2\/categories?post=13315"},{"taxonomy":"post_tag","embeddable":true,"href":"https:\/\/dgospel.com.br\/portal\/index.php\/wp-json\/wp\/v2\/tags?post=13315"}],"curies":[{"name":"wp","href":"https:\/\/api.w.org\/{rel}","templated":true}]}}