{"id":13321,"date":"2022-11-07T12:18:32","date_gmt":"2022-11-07T15:18:32","guid":{"rendered":"http:\/\/dgospel.com.br\/portal\/?p=13321"},"modified":"2022-11-07T12:18:33","modified_gmt":"2022-11-07T15:18:33","slug":"juristas-cristaos-repudiam-episodios-de-intolerancia-religiosa-no-brasil","status":"publish","type":"post","link":"https:\/\/dgospel.com.br\/portal\/index.php\/2022\/11\/07\/juristas-cristaos-repudiam-episodios-de-intolerancia-religiosa-no-brasil\/","title":{"rendered":"Juristas crist\u00e3os repudiam epis\u00f3dios de intoler\u00e2ncia religiosa no Brasil"},"content":{"rendered":"\n<p>A Associa\u00e7\u00e3o Nacional de Juristas Evang\u00e9licos (ANAJURE) emitiu uma Nota P\u00fablica sobre ataques \u00e0&nbsp;<strong><a href=\"https:\/\/guiame.com.br\/gospel\/noticias\/mpf-pede-fim-de-distribuicao-de-biblias-na-policia-rodoviaria-federal.html\">liberdade religiosa<\/a><\/strong>&nbsp;ocorridos no \u00faltimo m\u00eas de outubro em diversos estados brasileiros.<\/p>\n\n\n\n<p>\u201cO direito \u00e0 liberdade religiosa est\u00e1 consagrado em diferentes normas, no \u00e2mbito nacional e internacional\u201d, destaca o comunicado, que ainda aponta texto constitucional que afirma ser \u201cinviol\u00e1vel a liberdade de consci\u00eancia e de cren\u00e7a, sendo assegurado o livre exerc\u00edcio dos cultos religiosos e garantida, na forma da lei, a prote\u00e7\u00e3o aos locais de culto e a suas liturgias\u201d.<\/p>\n\n\n\n<p>S\u00f3 no m\u00eas passado foram diversas ocorr\u00eancias no pa\u00eds, com&nbsp;<strong><a href=\"https:\/\/guiame.com.br\/gospel\/noticias\/militantes-invadem-igreja-quadrangular-e-queimam-bandeira-do-brasil.html\">ataques a templos<\/a><\/strong>&nbsp;religiosos que culminaram em perturba\u00e7\u00e3o, destrui\u00e7\u00e3o de objetos sagrados e na interrup\u00e7\u00e3o de cerim\u00f4nias, apontou a Anajure.<\/p>\n\n\n\n<p><strong>Casos de intoler\u00e2ncia<\/strong><\/p>\n\n\n\n<p>Em 02\/10, uma mulher interrompeu um culto na&nbsp;<strong><a href=\"https:\/\/guiame.com.br\/gospel\/noticias\/petista-interrompe-culto-manda-pastor-calar-boca-e-agride-diaconos.html\">Igreja Verbo da Vida<\/a><\/strong>, em Petrolina, Pernambuco. Uma mulher prejudicou o andamento da cerim\u00f4nia religiosa, com gritos em apoio a Lula, enquanto o pastor falava no p\u00falpito. Ela ainda chegou pedir que o l\u00edder religioso calasse a boca.<\/p>\n\n\n\n<p>Em 07\/10, uma capela localizada na Estrada Municipal Paulo Leone, em Itupeva, interior paulista, foi vandalizada. Imagens demonstraram a destrui\u00e7\u00e3o de v\u00e1rios&nbsp;<strong><a href=\"https:\/\/guiame.com.br\/gospel\/noticias\/vilipendio-exposicao-ridiculariza-simbolos-cristaos-na-assembleia-de-minas-gerais.html\">objetos religiosos<\/a><\/strong>&nbsp;que estavam contidos no recinto. Ainda n\u00e3o h\u00e1 informa\u00e7\u00f5es sobre o respons\u00e1vel pelo ataque.<\/p>\n\n\n\n<p>Em 11\/10, uma igreja cat\u00f3lica em S\u00e3o Mateus do Sul, Paran\u00e1, teve 28 imagens de alto valor religioso, hist\u00f3rico e cultural destru\u00eddas por um indiv\u00edduo \u2013 supostamente sob&nbsp;<strong><a href=\"https:\/\/guiame.com.br\/colunistas\/marisa-lobo\/drogas-conheca-5-sinais-de-que-voce-pode-estar-sofrendo-de-dependencia-quimica.html\">efeito de drogas<\/a><\/strong>&nbsp;\u2013 que se aproveitou da aus\u00eancia de pessoas no templo, fechou as portas e deu in\u00edcio \u00e0s depreda\u00e7\u00f5es.<\/p>\n\n\n\n<p>Em 12\/10, feriado cat\u00f3lico, os padres Eduardo Ribeiro e Camilo J\u00fanior enfrentaram algumas interfer\u00eancias ao conduzirem&nbsp;<strong><a href=\"https:\/\/guiame.com.br\/gospel\/noticias\/justica-suspende-cassacao-de-vereador-do-pt-que-invadiu-igreja-em-curitiba.html\">cerim\u00f4nias religiosas<\/a><\/strong>, na cidade de Aparecida, interior de SP. \u201cSil\u00eancio na bas\u00edlica. Prepare o seu cora\u00e7\u00e3o, viemos aqui para rezar\u201d, disse o primeiro padre, pois havia pessoas gerando conturba\u00e7\u00e3o no local com manifesta\u00e7\u00f5es pol\u00edticas.<\/p>\n\n\n\n<p>Em 12\/10, na Fazenda Rio Grande, Paran\u00e1, um padre conduzia uma missa cat\u00f3lica quando foi interrompido por manifesta\u00e7\u00f5es de alguns fi\u00e9is, que o acusaram de pedir votos para Lula. O ministro tinha criticado o uso de armas e a instrumentaliza\u00e7\u00e3o da f\u00e9 para fins pol\u00edticos.<\/p>\n\n\n\n<p>Em 14\/10, em Fortaleza, capital do Cear\u00e1, um homem disparou um tiro no muro de uma igreja evang\u00e9lica que, uma hora depois, recebeu a primeira-dama&nbsp;<strong><a href=\"https:\/\/guiame.com.br\/gospel\/noticias\/homem-atira-contra-igreja-em-fortaleza-antes-de-evento-com-michelle-e-damares.html\">Michelle Bolsonaro<\/a><\/strong>&nbsp;e a senadora eleita Damares Alves para um evento que ocorreria no local. O suspeito foi preso e liberado ap\u00f3s o pagamento de fian\u00e7a.<\/p>\n\n\n\n<p><img src=\"https:\/\/thumbor.guiame.com.br\/unsafe\/smart\/https:\/\/media.guiame.com.br\/archives\/2022\/10\/17\/3693449548-michelle-bolsonaro.jpg\" alt=\"\" width=\"600\"><sup>Michelle Bolsonaro em evento no Maranh\u00e3o. (Foto: Instagram\/Damares Alves).<\/sup><\/p>\n\n\n\n<p>Em 16\/10, na cidade de Jacare\u00ed, interior de SP, uma mulher interrompeu o serm\u00e3o ministrado por um padre ao ouvi-lo mencionar a morte de Marielle Franco. A mulher come\u00e7ou a questionar o sacerdote, afirmando que ele n\u00e3o deveria falar de \u201cuma pessoa homossexual e esquerdista dentro de uma Igreja Cat\u00f3lica\u201d.<\/p>\n\n\n\n<p>18\/10, em Joinville, Santa Catarina, um grupo de estudantes realizou uma manifesta\u00e7\u00e3o no Instituto de&nbsp;<strong><a href=\"https:\/\/guiame.com.br\/gospel\/noticias\/esquerdistas-protestam-em-frente-igreja-e-perturbam-culto-em-joinville.html\">Ensino Luterano de Santa Catarina<\/a><\/strong>, em Joinville, em protesto \u00e0 demiss\u00e3o de uma professora por supostas quest\u00f5es pol\u00edticas. O movimento de vi\u00e9s progressista acabou prejudicando o andamento de uma cerim\u00f4nia religiosa que estava sendo realizada na Igreja da Paz Luterana, situada no mesmo p\u00e1tio do Instituto de Ensino Luterano de SC.<\/p>\n\n\n\n<p><strong>Viola\u00e7\u00f5es \u00e0 liberdade religiosa<\/strong><\/p>\n\n\n\n<p>Colunista do&nbsp;<strong>Guiame<\/strong>, a ANAJURE diz que esses casos demonstram uma s\u00e9rie de&nbsp;<strong><a href=\"https:\/\/guiame.com.br\/gospel\/mundo-cristao\/america-latina-vive-uma-onda-de-abusos-liberdade-religiosa-alerta-organizacao-dos-eua.html\">viola\u00e7\u00f5es \u00e0 liberdade religiosa<\/a><\/strong>, seja pela destrui\u00e7\u00e3o de objetos de culto, seja pela interrup\u00e7\u00e3o de cerim\u00f4nias. Em algumas situa\u00e7\u00f5es, os epis\u00f3dios de intoler\u00e2ncia ocorreram em meio a manifesta\u00e7\u00f5es de cunho pol\u00edtico.<\/p>\n\n\n\n<p>\u201cSobre isso, importa ressaltar que a&nbsp;<strong><a href=\"https:\/\/guiame.com.br\/gospel\/noticias\/tribunal-ordena-indenizacao-de-100-mil-apos-evento-de-graham-ser-cancelado-na-escocia.html\">liberdade de express\u00e3o<\/a><\/strong>, assim como a liberdade religiosa, constitui um direito fundamental assegurado pela Constitui\u00e7\u00e3o. No entanto, o exerc\u00edcio de um direito n\u00e3o deve servir de fundamento para a viola\u00e7\u00e3o de outra liberdade garantida em lei\u201d, diz a associa\u00e7\u00e3o.<\/p>\n\n\n\n<p>\u201cTais acontecimentos chamam aten\u00e7\u00e3o, portanto, para a necessidade de investiga\u00e7\u00e3o pelas autoridades competentes, puni\u00e7\u00e3o dos respons\u00e1veis e repara\u00e7\u00e3o dos preju\u00edzos. Do contr\u00e1rio, caminha-se para um cen\u00e1rio de grave enfraquecimento do direito \u00e0 liberdade religiosa\u201d, alertam os juristas.<\/p>\n\n\n\n<p>Ainda em sua Nota P\u00fablica, a ANAJURE traz suas posi\u00e7\u00f5es sobre os fatos ocorridos, como rep\u00fadio aos acontecimentos e solidariedade \u00e0s institui\u00e7\u00f5es e l\u00edderes religiosos vitimados pela intoler\u00e2ncia. Tamb\u00e9m manifesta preocupa\u00e7\u00e3o em rela\u00e7\u00e3o ao crescimento dos casos de viola\u00e7\u00e3o aos locais de culto. E por fim sugere aos que tiveram seu local de culto violado que busquem a repara\u00e7\u00e3o jur\u00eddica do direito \u00e0 liberdade religiosa.<\/p>\n","protected":false},"excerpt":{"rendered":"<p>A Associa\u00e7\u00e3o Nacional de Juristas Evang\u00e9licos (ANAJURE) emitiu uma Nota P\u00fablica sobre ataques \u00e0&nbsp;liberdade religiosa&nbsp;ocorridos no \u00faltimo m\u00eas de outubro em diversos estados brasileiros. \u201cO direito \u00e0 liberdade religiosa est\u00e1 consagrado em diferentes normas, no \u00e2mbito nacional e internacional\u201d, destaca o comunicado, que ainda aponta texto constitucional que afirma ser \u201cinviol\u00e1vel a liberdade de consci\u00eancia [&hellip;]<\/p>\n","protected":false},"author":2,"featured_media":13322,"comment_status":"open","ping_status":"open","sticky":false,"template":"","format":"standard","meta":[],"categories":[5],"tags":[],"_links":{"self":[{"href":"https:\/\/dgospel.com.br\/portal\/index.php\/wp-json\/wp\/v2\/posts\/13321"}],"collection":[{"href":"https:\/\/dgospel.com.br\/portal\/index.php\/wp-json\/wp\/v2\/posts"}],"about":[{"href":"https:\/\/dgospel.com.br\/portal\/index.php\/wp-json\/wp\/v2\/types\/post"}],"author":[{"embeddable":true,"href":"https:\/\/dgospel.com.br\/portal\/index.php\/wp-json\/wp\/v2\/users\/2"}],"replies":[{"embeddable":true,"href":"https:\/\/dgospel.com.br\/portal\/index.php\/wp-json\/wp\/v2\/comments?post=13321"}],"version-history":[{"count":1,"href":"https:\/\/dgospel.com.br\/portal\/index.php\/wp-json\/wp\/v2\/posts\/13321\/revisions"}],"predecessor-version":[{"id":13323,"href":"https:\/\/dgospel.com.br\/portal\/index.php\/wp-json\/wp\/v2\/posts\/13321\/revisions\/13323"}],"wp:featuredmedia":[{"embeddable":true,"href":"https:\/\/dgospel.com.br\/portal\/index.php\/wp-json\/wp\/v2\/media\/13322"}],"wp:attachment":[{"href":"https:\/\/dgospel.com.br\/portal\/index.php\/wp-json\/wp\/v2\/media?parent=13321"}],"wp:term":[{"taxonomy":"category","embeddable":true,"href":"https:\/\/dgospel.com.br\/portal\/index.php\/wp-json\/wp\/v2\/categories?post=13321"},{"taxonomy":"post_tag","embeddable":true,"href":"https:\/\/dgospel.com.br\/portal\/index.php\/wp-json\/wp\/v2\/tags?post=13321"}],"curies":[{"name":"wp","href":"https:\/\/api.w.org\/{rel}","templated":true}]}}