{"id":13324,"date":"2022-11-07T12:23:35","date_gmt":"2022-11-07T15:23:35","guid":{"rendered":"http:\/\/dgospel.com.br\/portal\/?p=13324"},"modified":"2022-11-07T12:23:37","modified_gmt":"2022-11-07T15:23:37","slug":"e-hora-de-seguirmos-unidos-com-fe-diz-dallagnol-ao-criticar-resultado-da-eleicao","status":"publish","type":"post","link":"https:\/\/dgospel.com.br\/portal\/index.php\/2022\/11\/07\/e-hora-de-seguirmos-unidos-com-fe-diz-dallagnol-ao-criticar-resultado-da-eleicao\/","title":{"rendered":"\u201c\u00c9 hora de seguirmos unidos com f\u00e9\u201d, diz Dallagnol ao criticar resultado da elei\u00e7\u00e3o"},"content":{"rendered":"\n<p>Ex-coordenador nacional da opera\u00e7\u00e3o Lava Jato e membro da Igreja Batista brasileira, Deltan Dallagnol publicou um artigo em sua coluna na Gazeta do Povo, onde comentou sobre os recentes desdobramentos pol\u00edticos no pa\u00eds ap\u00f3s o fim do segundo turno da elei\u00e7\u00e3o 2022 no Brasil.<\/p>\n\n\n\n<p>De acordo com o ex-procurador da Rep\u00fablica, a vit\u00f3ria de Luiz In\u00e1cio Lula da Silva (PT) sobre o ent\u00e3o presidente Jair Messias Bolsonaro (PL) representa a \u201cimpunidade\u201d que existe no Brasil no que diz respeito ao combate \u00e0 corrup\u00e7\u00e3o.<\/p>\n\n\n\n<p>\u201cA elei\u00e7\u00e3o de Lula me causa profunda indigna\u00e7\u00e3o. Lula presidente \u00e9 um s\u00edmbolo vis\u00edvel e gritante da impunidade da corrup\u00e7\u00e3o no Brasil\u201d, disse Dallagnol, explicando na sequ\u00eancia que a rea\u00e7\u00e3o mais prov\u00e1vel por parte dos corruptos \u00e9 a tentativa de vingan\u00e7a.<\/p>\n\n\n\n<p>\u201cO padre Ant\u00f4nio Vieira j\u00e1 chamava aten\u00e7\u00e3o para essa impunidade em meados do s\u00e9culo XVII. Dizia que os ladr\u00f5es de galinha roubavam e eram enforcados, enquanto os verdadeiros ladr\u00f5es, os governantes, roubavam e enforcavam\u201d,&nbsp;<a href=\"https:\/\/www.gazetadopovo.com.br\/vozes\/deltan-dallagnol\/os-protestos-e-a-intervencao-militar\/?utm_source=twitter&amp;utm_medium=midia-social&amp;utm_campaign=gazeta-do-povo\">escreveu<\/a>&nbsp;Dallagnol. \u201cMais do que garantir sua impunidade, promoviam retalia\u00e7\u00f5es e vingan\u00e7as.\u201d<\/p>\n\n\n\n<p><strong>Manifesta\u00e7\u00f5es<\/strong><\/p>\n\n\n\n<p>Dallagnol tamb\u00e9m comentou acerca das manifesta\u00e7\u00f5es que t\u00eam ocorrido pelo Brasil. Segundo o ex-procurador, os protestos s\u00e3o leg\u00edtimos e refletem a indigna\u00e7\u00e3o popular, mas \u00e9 um \u201cequ\u00edvoco\u201d pedir atua\u00e7\u00e3o dos militares sobre o ordenamento das elei\u00e7\u00f5es.<\/p>\n\n\n\n<p>\u201cA Constitui\u00e7\u00e3o brasileira n\u00e3o atribui \u00e0s For\u00e7as Armadas um poder moderador, nem permite que sejam usadas por um poder contra o outro. A Constitui\u00e7\u00e3o tamb\u00e9m n\u00e3o autoriza que as For\u00e7as Armadas mudem decis\u00f5es de um Tribunal Eleitoral ou que funcionem como \u00e1rbitro nas elei\u00e7\u00f5es\u201d, opina Dallagnol.<\/p>\n\n\n\n<p>O ex-procurador, ent\u00e3o, argumenta que \u00e9 preciso haver atua\u00e7\u00e3o social por meio das vias democr\u00e1ticas, explicando ainda que a uni\u00e3o e f\u00e9 em Deus s\u00e3o requisitos fundamentais para o futuro do pa\u00eds.<\/p>\n\n\n\n<p>\u201c\u00c9 hora de seguirmos unidos com f\u00e9 e coragem, lembrando que todos estamos no mesmo avi\u00e3o. Viol\u00eancia, desordem, crime e desrespeito \u00e0 democracia n\u00e3o prejudicam apenas o piloto que foi escolhido. Prejudicam a todos n\u00f3s. Eu n\u00e3o gosto do piloto que foi escolhido. Eu acredito que meus colegas passageiros fizeram uma escolha errada\u201d,&nbsp;<a href=\"https:\/\/www.gazetadopovo.com.br\/vozes\/deltan-dallagnol\/os-protestos-e-a-intervencao-militar\/?utm_source=twitter&amp;utm_medium=midia-social&amp;utm_campaign=gazeta-do-povo\">diz<\/a>&nbsp;ele.<\/p>\n","protected":false},"excerpt":{"rendered":"<p>Ex-coordenador nacional da opera\u00e7\u00e3o Lava Jato e membro da Igreja Batista brasileira, Deltan Dallagnol publicou um artigo em sua coluna na Gazeta do Povo, onde comentou sobre os recentes desdobramentos pol\u00edticos no pa\u00eds ap\u00f3s o fim do segundo turno da elei\u00e7\u00e3o 2022 no Brasil. De acordo com o ex-procurador da Rep\u00fablica, a vit\u00f3ria de Luiz [&hellip;]<\/p>\n","protected":false},"author":2,"featured_media":13325,"comment_status":"open","ping_status":"open","sticky":false,"template":"","format":"standard","meta":[],"categories":[4],"tags":[13],"_links":{"self":[{"href":"https:\/\/dgospel.com.br\/portal\/index.php\/wp-json\/wp\/v2\/posts\/13324"}],"collection":[{"href":"https:\/\/dgospel.com.br\/portal\/index.php\/wp-json\/wp\/v2\/posts"}],"about":[{"href":"https:\/\/dgospel.com.br\/portal\/index.php\/wp-json\/wp\/v2\/types\/post"}],"author":[{"embeddable":true,"href":"https:\/\/dgospel.com.br\/portal\/index.php\/wp-json\/wp\/v2\/users\/2"}],"replies":[{"embeddable":true,"href":"https:\/\/dgospel.com.br\/portal\/index.php\/wp-json\/wp\/v2\/comments?post=13324"}],"version-history":[{"count":1,"href":"https:\/\/dgospel.com.br\/portal\/index.php\/wp-json\/wp\/v2\/posts\/13324\/revisions"}],"predecessor-version":[{"id":13326,"href":"https:\/\/dgospel.com.br\/portal\/index.php\/wp-json\/wp\/v2\/posts\/13324\/revisions\/13326"}],"wp:featuredmedia":[{"embeddable":true,"href":"https:\/\/dgospel.com.br\/portal\/index.php\/wp-json\/wp\/v2\/media\/13325"}],"wp:attachment":[{"href":"https:\/\/dgospel.com.br\/portal\/index.php\/wp-json\/wp\/v2\/media?parent=13324"}],"wp:term":[{"taxonomy":"category","embeddable":true,"href":"https:\/\/dgospel.com.br\/portal\/index.php\/wp-json\/wp\/v2\/categories?post=13324"},{"taxonomy":"post_tag","embeddable":true,"href":"https:\/\/dgospel.com.br\/portal\/index.php\/wp-json\/wp\/v2\/tags?post=13324"}],"curies":[{"name":"wp","href":"https:\/\/api.w.org\/{rel}","templated":true}]}}