{"id":13333,"date":"2022-11-08T11:27:46","date_gmt":"2022-11-08T14:27:46","guid":{"rendered":"http:\/\/dgospel.com.br\/portal\/?p=13333"},"modified":"2022-11-08T11:27:48","modified_gmt":"2022-11-08T14:27:48","slug":"presidente-da-frente-evangelica-recusa-encontro-com-lula","status":"publish","type":"post","link":"https:\/\/dgospel.com.br\/portal\/index.php\/2022\/11\/08\/presidente-da-frente-evangelica-recusa-encontro-com-lula\/","title":{"rendered":"Presidente da frente evang\u00e9lica recusa encontro com Lula"},"content":{"rendered":"\n<p>O deputado federal S\u00f3stenes Cavalcante (PL-RJ), presidente da Frente Parlamentar Evang\u00e9lica (FPE), recusou convite para se encontrar com o presidente eleito Luiz In\u00e1cio Lula da Silva (PT).<\/p>\n\n\n\n<p>Segundo ele, aliados do petista o procuraram para buscar uma aproxima\u00e7\u00e3o com a bancada que pode ser uma das principais frentes de oposi\u00e7\u00e3o ao governo Lula.<\/p>\n\n\n\n<p>\u2013 N\u00e3o tenho interesse. N\u00e3o sou mosca de padaria \u2013 disse Cavalcante ao confirmar a recusa em entrevista \u00e0 VEJA.<\/p>\n\n\n\n<p>S\u00f3stenes declarou no s\u00e1bado (5), por meio das redes sociais, que o novo presidente pode querer usar dinheiro p\u00fablico para aumentar o apoio dos parlamentares.<\/p>\n\n\n\n<p>\u2013 Aproveito aqui para reiterar que serei oposi\u00e7\u00e3o e n\u00e3o estou \u00e0 venda! \u2013 escreveu o deputado evang\u00e9lico que deixa a lideran\u00e7a da FPE em fevereiro.<\/p>\n","protected":false},"excerpt":{"rendered":"<p>O deputado federal S\u00f3stenes Cavalcante (PL-RJ), presidente da Frente Parlamentar Evang\u00e9lica (FPE), recusou convite para se encontrar com o presidente eleito Luiz In\u00e1cio Lula da Silva (PT). Segundo ele, aliados do petista o procuraram para buscar uma aproxima\u00e7\u00e3o com a bancada que pode ser uma das principais frentes de oposi\u00e7\u00e3o ao governo Lula. \u2013 N\u00e3o [&hellip;]<\/p>\n","protected":false},"author":2,"featured_media":13334,"comment_status":"open","ping_status":"open","sticky":false,"template":"","format":"standard","meta":[],"categories":[5],"tags":[],"_links":{"self":[{"href":"https:\/\/dgospel.com.br\/portal\/index.php\/wp-json\/wp\/v2\/posts\/13333"}],"collection":[{"href":"https:\/\/dgospel.com.br\/portal\/index.php\/wp-json\/wp\/v2\/posts"}],"about":[{"href":"https:\/\/dgospel.com.br\/portal\/index.php\/wp-json\/wp\/v2\/types\/post"}],"author":[{"embeddable":true,"href":"https:\/\/dgospel.com.br\/portal\/index.php\/wp-json\/wp\/v2\/users\/2"}],"replies":[{"embeddable":true,"href":"https:\/\/dgospel.com.br\/portal\/index.php\/wp-json\/wp\/v2\/comments?post=13333"}],"version-history":[{"count":1,"href":"https:\/\/dgospel.com.br\/portal\/index.php\/wp-json\/wp\/v2\/posts\/13333\/revisions"}],"predecessor-version":[{"id":13335,"href":"https:\/\/dgospel.com.br\/portal\/index.php\/wp-json\/wp\/v2\/posts\/13333\/revisions\/13335"}],"wp:featuredmedia":[{"embeddable":true,"href":"https:\/\/dgospel.com.br\/portal\/index.php\/wp-json\/wp\/v2\/media\/13334"}],"wp:attachment":[{"href":"https:\/\/dgospel.com.br\/portal\/index.php\/wp-json\/wp\/v2\/media?parent=13333"}],"wp:term":[{"taxonomy":"category","embeddable":true,"href":"https:\/\/dgospel.com.br\/portal\/index.php\/wp-json\/wp\/v2\/categories?post=13333"},{"taxonomy":"post_tag","embeddable":true,"href":"https:\/\/dgospel.com.br\/portal\/index.php\/wp-json\/wp\/v2\/tags?post=13333"}],"curies":[{"name":"wp","href":"https:\/\/api.w.org\/{rel}","templated":true}]}}