{"id":13336,"date":"2022-11-08T11:32:48","date_gmt":"2022-11-08T14:32:48","guid":{"rendered":"http:\/\/dgospel.com.br\/portal\/?p=13336"},"modified":"2022-11-08T11:32:48","modified_gmt":"2022-11-08T14:32:48","slug":"defesa-apresentara-o-relatorio-sobre-as-eleicoes-na-quarta","status":"publish","type":"post","link":"https:\/\/dgospel.com.br\/portal\/index.php\/2022\/11\/08\/defesa-apresentara-o-relatorio-sobre-as-eleicoes-na-quarta\/","title":{"rendered":"Defesa apresentar\u00e1 o relat\u00f3rio sobre as elei\u00e7\u00f5es na quarta"},"content":{"rendered":"\n<p>Por meio de uma nota, o Minist\u00e9rio da Defesa anunciou nesta segunda-feira (7) que ir\u00e1 apresentar ao Tribunal Superior Eleitoral (TSE) o relat\u00f3rio do trabalho de fiscaliza\u00e7\u00e3o do sistema de urnas eletr\u00f4nicas na pr\u00f3xima quarta (9).<\/p>\n\n\n\n<p>O documento foi elaborado pela equipe de t\u00e9cnicos militares das For\u00e7as Armadas.<\/p>\n\n\n\n<p>Partiu do TSE o convite para que os militares integrassem a Comiss\u00e3o de Transpar\u00eancia das Elei\u00e7\u00f5es, criada em setembro de 2021, quando o ministro Lu\u00eds Roberto Barroso era o presidente.<\/p>\n\n\n\n<p>Fora isso, os militares se comprometeram a realizar uma auditoria do pleito, diante de questionamentos do presidente Jair Bolsonaro (PL) e de seus apoiadores sobre a lisura do processo eleitoral.<\/p>\n","protected":false},"excerpt":{"rendered":"<p>Por meio de uma nota, o Minist\u00e9rio da Defesa anunciou nesta segunda-feira (7) que ir\u00e1 apresentar ao Tribunal Superior Eleitoral (TSE) o relat\u00f3rio do trabalho de fiscaliza\u00e7\u00e3o do sistema de urnas eletr\u00f4nicas na pr\u00f3xima quarta (9). O documento foi elaborado pela equipe de t\u00e9cnicos militares das For\u00e7as Armadas. Partiu do TSE o convite para que [&hellip;]<\/p>\n","protected":false},"author":2,"featured_media":13337,"comment_status":"open","ping_status":"open","sticky":false,"template":"","format":"standard","meta":[],"categories":[10],"tags":[],"_links":{"self":[{"href":"https:\/\/dgospel.com.br\/portal\/index.php\/wp-json\/wp\/v2\/posts\/13336"}],"collection":[{"href":"https:\/\/dgospel.com.br\/portal\/index.php\/wp-json\/wp\/v2\/posts"}],"about":[{"href":"https:\/\/dgospel.com.br\/portal\/index.php\/wp-json\/wp\/v2\/types\/post"}],"author":[{"embeddable":true,"href":"https:\/\/dgospel.com.br\/portal\/index.php\/wp-json\/wp\/v2\/users\/2"}],"replies":[{"embeddable":true,"href":"https:\/\/dgospel.com.br\/portal\/index.php\/wp-json\/wp\/v2\/comments?post=13336"}],"version-history":[{"count":1,"href":"https:\/\/dgospel.com.br\/portal\/index.php\/wp-json\/wp\/v2\/posts\/13336\/revisions"}],"predecessor-version":[{"id":13338,"href":"https:\/\/dgospel.com.br\/portal\/index.php\/wp-json\/wp\/v2\/posts\/13336\/revisions\/13338"}],"wp:featuredmedia":[{"embeddable":true,"href":"https:\/\/dgospel.com.br\/portal\/index.php\/wp-json\/wp\/v2\/media\/13337"}],"wp:attachment":[{"href":"https:\/\/dgospel.com.br\/portal\/index.php\/wp-json\/wp\/v2\/media?parent=13336"}],"wp:term":[{"taxonomy":"category","embeddable":true,"href":"https:\/\/dgospel.com.br\/portal\/index.php\/wp-json\/wp\/v2\/categories?post=13336"},{"taxonomy":"post_tag","embeddable":true,"href":"https:\/\/dgospel.com.br\/portal\/index.php\/wp-json\/wp\/v2\/tags?post=13336"}],"curies":[{"name":"wp","href":"https:\/\/api.w.org\/{rel}","templated":true}]}}