{"id":13339,"date":"2022-11-08T11:39:05","date_gmt":"2022-11-08T14:39:05","guid":{"rendered":"http:\/\/dgospel.com.br\/portal\/?p=13339"},"modified":"2022-11-08T11:39:05","modified_gmt":"2022-11-08T14:39:05","slug":"perseguicao-na-nicaragua-bispos-sao-tratados-como-golpistas-e-terroristas","status":"publish","type":"post","link":"https:\/\/dgospel.com.br\/portal\/index.php\/2022\/11\/08\/perseguicao-na-nicaragua-bispos-sao-tratados-como-golpistas-e-terroristas\/","title":{"rendered":"Persegui\u00e7\u00e3o na Nicar\u00e1gua: Bispos s\u00e3o tratados como \u2018golpistas\u2019 e \u2018terroristas\u2019"},"content":{"rendered":"\n<p>Na \u00faltima quinta-feira (3) durante um encontro com o Papa Francisco, o cardeal Leopoldo Jos\u00e9 Brenes Sol\u00f3rzano exp\u00f4s a situa\u00e7\u00e3o da&nbsp;<a href=\"https:\/\/guiame.com.br\/gospel\/noticias\/presidente-da-nicaragua-chama-igreja-catolica-de-ditadura-perfeita.html\"><strong>Igreja Cat\u00f3lica na Nicar\u00e1gua<\/strong><\/a>, onde os bispos foram tachados de \u2018golpistas\u2019 e \u2018terroristas\u2019 pelo ditador do pa\u00eds, o sandinista Daniel Ortega.<\/p>\n\n\n\n<p>Conforme o Gazeta do Povo, a Arquidiocese de Man\u00e1gua, liderada pelo cardeal Brenes, disse em comunicado que o hierarca foi recebido pelo pont\u00edfice em audi\u00eancia privada, como parte de sua visita \u00e0 Cidade do Vaticano.<\/p>\n\n\n\n<p>\u201cNessa reuni\u00e3o, o cardeal lhe expressou o carinho e as ora\u00e7\u00f5es do povo nicaraguense, assim como a realidade da Igreja no pa\u00eds\u201d, disse a Arquidiocese de Man\u00e1gua, sem oferecer mais detalhes.<\/p>\n\n\n\n<p><strong>Viola\u00e7\u00f5es dos direitos humanos e persegui\u00e7\u00e3o religiosa<\/strong><\/p>\n\n\n\n<p>A visita do cardeal nicaraguense e a reuni\u00e3o privada com o pont\u00edfice acontecem em meio a um ano particularmente conturbado para a&nbsp;<a href=\"https:\/\/guiame.com.br\/gospel\/noticias\/nicaragua-proibe-evangelicos-de-celebrar-o-dia-da-biblia-nas-ruas.html\"><strong>Igreja na Nicar\u00e1gua<\/strong><\/a>, com a ditadura de Ortega.<\/p>\n\n\n\n<p>A persegui\u00e7\u00e3o religiosa imposta pelo presidente tem atingido em especial o cristianismo e a Igreja Cat\u00f3lica, onde igrejas e emissoras foram fechadas e l\u00edderes foram presos e at\u00e9 expulsos do pa\u00eds.<\/p>\n\n\n\n<p>A comunidade condenou as viola\u00e7\u00f5es dos direitos humanos, a persegui\u00e7\u00e3o religiosa e os abusos de poder cometidos por Ortega e sua esposa, a vice-presidente Rosario Murillo.<\/p>\n\n\n\n<p><strong>\u2018Igreja Cat\u00f3lica recebeu quase 200 agress\u00f5es\u2019<\/strong><\/p>\n\n\n\n<p>A Nicar\u00e1gua vive uma crise pol\u00edtica e social desde abril de 2018, depois de uma elei\u00e7\u00e3o presidencial que a comunidade internacional denunciou como \u201cnem livre e nem justa\u201d.<\/p>\n\n\n\n<p>Meses antes das elei\u00e7\u00f5es presidenciais, mais de 40 opositores de Ortega foram presos pelas for\u00e7as de seguran\u00e7a do governo.<\/p>\n\n\n\n<p>De acordo com um relat\u00f3rio da ONG Observatorio Pro Transparencia y Anticorrupcion, a&nbsp;<a href=\"https:\/\/guiame.com.br\/gospel\/noticias\/na-onu-bolsonaro-diz-que-brasil-abre-portas-para-religiosos-expulsos-da-nicaragua.html\"><strong>Igreja Cat\u00f3lica recebeu quase 200 agress\u00f5es<\/strong><\/a>&nbsp;entre abril de 2018 e maio de 2022 no pa\u00eds, situa\u00e7\u00e3o que obrigou o Papa Francisco a falar sobre as condi\u00e7\u00f5es na Nicar\u00e1gua.<\/p>\n\n\n\n<p>Em setembro, o presidente Jair Bolsonaro se posicionou a favor dos religiosos: \u201cO Brasil n\u00e3o assistir\u00e1 de bra\u00e7os cruzados a mais um epis\u00f3dio dessa persegui\u00e7\u00e3o diab\u00f3lica contra crist\u00e3os promovida pela ditadura socialista da Nicar\u00e1gua. Estamos prontos para acolher padres e freiras perseguidos, facilitando ainda mais seu ingresso e instala\u00e7\u00e3o em nosso pa\u00eds\u201d.&nbsp;<\/p>\n\n\n\n<p><strong>Sinal de alerta para crist\u00e3os no Brasil<\/strong><\/p>\n\n\n\n<p>De acordo com a psic\u00f3loga crist\u00e3,&nbsp;<a href=\"https:\/\/guiame.com.br\/colunistas\/marisa-lobo\/igrejas-fechadas-na-nicaragua-um-real-sinal-de-alerta-para-os-cristaos-no-brasil.html\"><strong>Marisa Lobo<\/strong><\/a>, em sua coluna no&nbsp;<strong>Guiame<\/strong>: \u201cN\u00e3o podemos ignorar os fatos! O cen\u00e1rio pol\u00edtico atual, na Am\u00e9rica Latina, indica que o Brasil est\u00e1 sendo cercado, aparentemente, por governos autorit\u00e1rios\u201d.&nbsp;<\/p>\n\n\n\n<p>\u201cAgora, Ortega persegue e pune os sacerdotes que se aliaram, ainda que n\u00e3o politicamente, mas humanamente e espiritualmente, aos milhares de cidad\u00e3os insatisfeitos com o regime\u201d, enfatizou.<\/p>\n\n\n\n<p>Sobre a reviravolta nos rumos do Brasil, politicamente falando, a psic\u00f3loga comentou: \u201c\u00c9 muito prov\u00e1vel que o esp\u00edrito vingativo que hoje opera na Nicar\u00e1gua, atrav\u00e9s de Ortega, passe a agir tamb\u00e9m em nosso pa\u00eds, se voltando contra as igrejas, principalmente as evang\u00e9licas\u201d.&nbsp;<\/p>\n\n\n\n<p>\u201cSe isto vier a acontecer, pastores, padres e qualquer pessoa com voz influente contra o governo vigente poder\u00e1 ser alvo de censura, puni\u00e7\u00f5es diversas, inclusive de pris\u00e3o\u201d, concluiu.&nbsp;<\/p>\n","protected":false},"excerpt":{"rendered":"<p>Na \u00faltima quinta-feira (3) durante um encontro com o Papa Francisco, o cardeal Leopoldo Jos\u00e9 Brenes Sol\u00f3rzano exp\u00f4s a situa\u00e7\u00e3o da&nbsp;Igreja Cat\u00f3lica na Nicar\u00e1gua, onde os bispos foram tachados de \u2018golpistas\u2019 e \u2018terroristas\u2019 pelo ditador do pa\u00eds, o sandinista Daniel Ortega. Conforme o Gazeta do Povo, a Arquidiocese de Man\u00e1gua, liderada pelo cardeal Brenes, disse [&hellip;]<\/p>\n","protected":false},"author":2,"featured_media":13340,"comment_status":"open","ping_status":"open","sticky":false,"template":"","format":"standard","meta":[],"categories":[16],"tags":[],"_links":{"self":[{"href":"https:\/\/dgospel.com.br\/portal\/index.php\/wp-json\/wp\/v2\/posts\/13339"}],"collection":[{"href":"https:\/\/dgospel.com.br\/portal\/index.php\/wp-json\/wp\/v2\/posts"}],"about":[{"href":"https:\/\/dgospel.com.br\/portal\/index.php\/wp-json\/wp\/v2\/types\/post"}],"author":[{"embeddable":true,"href":"https:\/\/dgospel.com.br\/portal\/index.php\/wp-json\/wp\/v2\/users\/2"}],"replies":[{"embeddable":true,"href":"https:\/\/dgospel.com.br\/portal\/index.php\/wp-json\/wp\/v2\/comments?post=13339"}],"version-history":[{"count":1,"href":"https:\/\/dgospel.com.br\/portal\/index.php\/wp-json\/wp\/v2\/posts\/13339\/revisions"}],"predecessor-version":[{"id":13341,"href":"https:\/\/dgospel.com.br\/portal\/index.php\/wp-json\/wp\/v2\/posts\/13339\/revisions\/13341"}],"wp:featuredmedia":[{"embeddable":true,"href":"https:\/\/dgospel.com.br\/portal\/index.php\/wp-json\/wp\/v2\/media\/13340"}],"wp:attachment":[{"href":"https:\/\/dgospel.com.br\/portal\/index.php\/wp-json\/wp\/v2\/media?parent=13339"}],"wp:term":[{"taxonomy":"category","embeddable":true,"href":"https:\/\/dgospel.com.br\/portal\/index.php\/wp-json\/wp\/v2\/categories?post=13339"},{"taxonomy":"post_tag","embeddable":true,"href":"https:\/\/dgospel.com.br\/portal\/index.php\/wp-json\/wp\/v2\/tags?post=13339"}],"curies":[{"name":"wp","href":"https:\/\/api.w.org\/{rel}","templated":true}]}}