{"id":1334,"date":"2018-09-15T17:56:59","date_gmt":"2018-09-15T20:56:59","guid":{"rendered":"http:\/\/dgospel.com.br\/portal\/?p=1334"},"modified":"2018-09-15T17:56:59","modified_gmt":"2018-09-15T20:56:59","slug":"com-investimentos-de-r-12-milhao-gestao-carlesse-reativa-fabrica-de-cadeiras-de-rodas-em-gurupi","status":"publish","type":"post","link":"https:\/\/dgospel.com.br\/portal\/index.php\/2018\/09\/15\/com-investimentos-de-r-12-milhao-gestao-carlesse-reativa-fabrica-de-cadeiras-de-rodas-em-gurupi\/","title":{"rendered":"Com investimentos de R$ 1,2 milh\u00e3o, gest\u00e3o Carlesse reativa F\u00e1brica de Cadeiras de Rodas em Gurupi"},"content":{"rendered":"<p class=\"yiv8738955581MsoNormal\">Como parte do programa de fortalecimento social, a gest\u00e3o do governador e candidato \u00e0 reelei\u00e7\u00e3o Mauro Carlesse (PHS) reativou a F\u00e1brica de Cadeiras de Rodas no munic\u00edpio de Gurupi, na regi\u00e3o sul do estado. Para colocar a a\u00e7\u00e3o em funcionamento, o Executivo estadual est\u00e1 investindo R$ 1,2 milh\u00e3o, de recursos pr\u00f3prios, para aluguel, compra de equipamentos e materiais, al\u00e9m do pagamento de sal\u00e1rios para os funcion\u00e1rios.<\/p>\n<p class=\"yiv8738955581MsoNormal\">Conforme Carlesse explicou, o projeto ir\u00e1 beneficiar aquelas pessoas que precisam de uma cadeira de rodas, mas que n\u00e3o possuem condi\u00e7\u00f5es financeiras para fazer a aquisi\u00e7\u00e3o. \u201c\u00c9 necess\u00e1rio que o Estado assuma esse papel de garantir aos cidad\u00e3os o seu livre direito \u00e0 locomo\u00e7\u00e3o com independ\u00eancia e autonomia. \u00c9 um projeto que pretende beneficiar centenas de tocantinenses\u201d.<\/p>\n<p class=\"yiv8738955581MsoNormal\">De acordo com informa\u00e7\u00f5es da Secretaria de Estado do Trabalho e Desenvolvimento Social (Setas), o projeto conseguir\u00e1 produzir uma m\u00e9dia inicial de 50 cadeiras de rodas por m\u00eas, podendo chegar at\u00e9 200. Cerca de 30 a 50% da m\u00e3o de obra ser\u00e1 preenchida pelos pr\u00f3prios cadeirantes. O restante ficar\u00e1 a cargo dos reeducandos que ser\u00e3o selecionados para trabalhar no projeto como forma de ressocializa\u00e7\u00e3o e de alunos da Associa\u00e7\u00e3o de Pais e Amigos dos Excepcionais (Apae).<\/p>\n<p class=\"yiv8738955581MsoNormal\">\u201cEsse projeto estava parado desde 2015 e ent\u00e3o resolvemos que ele era necess\u00e1rio e precisava ser reativado. Tudo que \u00e9 bom para o Estado e para o nosso povo, o Governo est\u00e1 comprometido em dar continuidade e levar de forma s\u00e9ria e comprometida\u201d, concluiu Carlesse.<\/p>\n<p class=\"yiv8738955581MsoNormal\">Conforme a Setas, os benefici\u00e1rios do projeto s\u00e3o pessoas que est\u00e3o com nome em lista da Secretaria de Estado da Sa\u00fade (SES). O crit\u00e9rio definido \u00e9 o laudo m\u00e9dico. A inaugura\u00e7\u00e3o deve acontecer no m\u00eas de novembro.<\/p>\n","protected":false},"excerpt":{"rendered":"<p>Como parte do programa de fortalecimento social, a gest\u00e3o do governador e candidato \u00e0 reelei\u00e7\u00e3o Mauro Carlesse (PHS) reativou a F\u00e1brica de Cadeiras de Rodas no munic\u00edpio de Gurupi, na regi\u00e3o sul do estado. Para colocar a a\u00e7\u00e3o em funcionamento, o Executivo estadual est\u00e1 investindo R$ 1,2 milh\u00e3o, de recursos pr\u00f3prios, para aluguel, compra de [&hellip;]<\/p>\n","protected":false},"author":2,"featured_media":1335,"comment_status":"open","ping_status":"open","sticky":false,"template":"","format":"standard","meta":[],"categories":[2,4],"tags":[],"_links":{"self":[{"href":"https:\/\/dgospel.com.br\/portal\/index.php\/wp-json\/wp\/v2\/posts\/1334"}],"collection":[{"href":"https:\/\/dgospel.com.br\/portal\/index.php\/wp-json\/wp\/v2\/posts"}],"about":[{"href":"https:\/\/dgospel.com.br\/portal\/index.php\/wp-json\/wp\/v2\/types\/post"}],"author":[{"embeddable":true,"href":"https:\/\/dgospel.com.br\/portal\/index.php\/wp-json\/wp\/v2\/users\/2"}],"replies":[{"embeddable":true,"href":"https:\/\/dgospel.com.br\/portal\/index.php\/wp-json\/wp\/v2\/comments?post=1334"}],"version-history":[{"count":1,"href":"https:\/\/dgospel.com.br\/portal\/index.php\/wp-json\/wp\/v2\/posts\/1334\/revisions"}],"predecessor-version":[{"id":1336,"href":"https:\/\/dgospel.com.br\/portal\/index.php\/wp-json\/wp\/v2\/posts\/1334\/revisions\/1336"}],"wp:featuredmedia":[{"embeddable":true,"href":"https:\/\/dgospel.com.br\/portal\/index.php\/wp-json\/wp\/v2\/media\/1335"}],"wp:attachment":[{"href":"https:\/\/dgospel.com.br\/portal\/index.php\/wp-json\/wp\/v2\/media?parent=1334"}],"wp:term":[{"taxonomy":"category","embeddable":true,"href":"https:\/\/dgospel.com.br\/portal\/index.php\/wp-json\/wp\/v2\/categories?post=1334"},{"taxonomy":"post_tag","embeddable":true,"href":"https:\/\/dgospel.com.br\/portal\/index.php\/wp-json\/wp\/v2\/tags?post=1334"}],"curies":[{"name":"wp","href":"https:\/\/api.w.org\/{rel}","templated":true}]}}