{"id":13345,"date":"2022-11-08T18:10:01","date_gmt":"2022-11-08T21:10:01","guid":{"rendered":"http:\/\/dgospel.com.br\/portal\/?p=13345"},"modified":"2022-11-08T18:11:44","modified_gmt":"2022-11-08T21:11:44","slug":"camara-reconhece-cristianismo-como-manifestacao-cultural","status":"publish","type":"post","link":"https:\/\/dgospel.com.br\/portal\/index.php\/2022\/11\/08\/camara-reconhece-cristianismo-como-manifestacao-cultural\/","title":{"rendered":"C\u00e2mara reconhece cristianismo como manifesta\u00e7\u00e3o cultural"},"content":{"rendered":"\n<p>Nesta segunda-feira (7), a\u00a0<a href=\"https:\/\/noticias.r7.com\/brasilia\/camara-analisa-uso-de-recursos-do-sus-para-custear-piso-da-enfermagem-07112022\">C\u00e2mara dos Deputados<\/a>\u00a0reconheceu o cristianismo como manifesta\u00e7\u00e3o cultural, acatando o relat\u00f3rio do deputado federal Julio Cesar (Republicanos-DF) (foto) ao projeto de lei n\u00ba 4.168\/2021. Agora, o texto de autoria dos deputados Vinicius Carvalho (Republicanos-SP) e Maria Rosas (Republicanos-SP) segue para an\u00e1lise do Senado Federal.<\/p>\n\n\n\n<p>&#8220;A hist\u00f3ria do pa\u00eds evidencia, com clareza, nos primeiros s\u00e9culos da exist\u00eancia do Brasil, a relev\u00e2ncia da atua\u00e7\u00e3o dos mission\u00e1rios religiosos e da pr\u00f3pria institui\u00e7\u00e3o eclesi\u00e1stica cat\u00f3lica na vida das comunidades&#8221;, declarou Julio Cesar.<\/p>\n\n\n\n<p>Segundo dados de 2010 do Instituto Brasileiro de Geografia e Estat\u00edstica (IBGE), 86,6% dos brasileiros se declaravam crist\u00e3os, 64,6% deles cat\u00f3licos e 22,2% evang\u00e9licos. Dados mais recentes, derivados de pesquisa Datafolha realizada em dezembro de 2019, apresentaram percentuais de 81% para os que se declararam crist\u00e3os \u2014 50% cat\u00f3licos e 31% evang\u00e9licos.<\/p>\n\n\n\n<p>Segundo o parlamentar que relatou o projeto, a aprova\u00e7\u00e3o \u00e9 uma vit\u00f3ria importante. &#8220;Essa realidade marca profundamente a popula\u00e7\u00e3o brasileira, n\u00e3o s\u00f3 na dimens\u00e3o da religiosidade, como tamb\u00e9m dos valores sociais.\u201d<\/p>\n","protected":false},"excerpt":{"rendered":"<p>Nesta segunda-feira (7), a\u00a0C\u00e2mara dos Deputados\u00a0reconheceu o cristianismo como manifesta\u00e7\u00e3o cultural, acatando o relat\u00f3rio do deputado federal Julio Cesar (Republicanos-DF) (foto) ao projeto de lei n\u00ba 4.168\/2021. Agora, o texto de autoria dos deputados Vinicius Carvalho (Republicanos-SP) e Maria Rosas (Republicanos-SP) segue para an\u00e1lise do Senado Federal. &#8220;A hist\u00f3ria do pa\u00eds evidencia, com clareza, nos [&hellip;]<\/p>\n","protected":false},"author":2,"featured_media":13346,"comment_status":"open","ping_status":"open","sticky":false,"template":"","format":"standard","meta":[],"categories":[8],"tags":[13],"_links":{"self":[{"href":"https:\/\/dgospel.com.br\/portal\/index.php\/wp-json\/wp\/v2\/posts\/13345"}],"collection":[{"href":"https:\/\/dgospel.com.br\/portal\/index.php\/wp-json\/wp\/v2\/posts"}],"about":[{"href":"https:\/\/dgospel.com.br\/portal\/index.php\/wp-json\/wp\/v2\/types\/post"}],"author":[{"embeddable":true,"href":"https:\/\/dgospel.com.br\/portal\/index.php\/wp-json\/wp\/v2\/users\/2"}],"replies":[{"embeddable":true,"href":"https:\/\/dgospel.com.br\/portal\/index.php\/wp-json\/wp\/v2\/comments?post=13345"}],"version-history":[{"count":2,"href":"https:\/\/dgospel.com.br\/portal\/index.php\/wp-json\/wp\/v2\/posts\/13345\/revisions"}],"predecessor-version":[{"id":13348,"href":"https:\/\/dgospel.com.br\/portal\/index.php\/wp-json\/wp\/v2\/posts\/13345\/revisions\/13348"}],"wp:featuredmedia":[{"embeddable":true,"href":"https:\/\/dgospel.com.br\/portal\/index.php\/wp-json\/wp\/v2\/media\/13346"}],"wp:attachment":[{"href":"https:\/\/dgospel.com.br\/portal\/index.php\/wp-json\/wp\/v2\/media?parent=13345"}],"wp:term":[{"taxonomy":"category","embeddable":true,"href":"https:\/\/dgospel.com.br\/portal\/index.php\/wp-json\/wp\/v2\/categories?post=13345"},{"taxonomy":"post_tag","embeddable":true,"href":"https:\/\/dgospel.com.br\/portal\/index.php\/wp-json\/wp\/v2\/tags?post=13345"}],"curies":[{"name":"wp","href":"https:\/\/api.w.org\/{rel}","templated":true}]}}