{"id":13352,"date":"2022-11-08T18:17:42","date_gmt":"2022-11-08T21:17:42","guid":{"rendered":"http:\/\/dgospel.com.br\/portal\/?p=13352"},"modified":"2022-11-08T18:17:43","modified_gmt":"2022-11-08T21:17:43","slug":"valdemar-diz-que-pl-fara-oposicao-a-lula-e-que-bolsonaro-ganhara-cargo-no-partido","status":"publish","type":"post","link":"https:\/\/dgospel.com.br\/portal\/index.php\/2022\/11\/08\/valdemar-diz-que-pl-fara-oposicao-a-lula-e-que-bolsonaro-ganhara-cargo-no-partido\/","title":{"rendered":"Valdemar diz que PL far\u00e1 oposi\u00e7\u00e3o a Lula e que Bolsonaro ganhar\u00e1 cargo no partido"},"content":{"rendered":"\n<p>O presidente do PL, Valdemar Costa Neto, informou nesta ter\u00e7a-feira (8) que o partido far\u00e1 oposi\u00e7\u00e3o ao presidente eleito,&nbsp;<a href=\"https:\/\/noticias.r7.com\/brasilia\/lula-participa-de-reunioes-em-brasilia-pela-primeira-vez-depois-de-eleito-08112022\" target=\"_blank\" rel=\"noreferrer noopener\">Luiz In\u00e1cio Lula da Silva (PT)<\/a>, e anunciou que convidou&nbsp;<a href=\"https:\/\/noticias.r7.com\/brasilia\/aliados-de-jair-bolsonaro-defendem-oposicao-do-pl-a-lula-08112022\" target=\"_blank\" rel=\"noreferrer noopener\">Jair Bolsonaro (PL)<\/a>&nbsp;para ser presidente de honra da sigla. O pol\u00edtico afirmou, ainda, que o atual chefe do Executivo ser\u00e1 candidato da legenda ao Pal\u00e1cio do Planalto em 2026.<\/p>\n\n\n\n<p>&#8220;A maioria dos deputados e senadores escolhidos pela na\u00e7\u00e3o s\u00e3o defensores do mesmo ideal que o PL defende. Ideias, valores e bandeiras que foram glorificados com a chegada do presidente Bolsonaro ao nosso partido. Portanto, o PL n\u00e3o renunciar\u00e1 \u00e0s suas bandeiras de ideias&#8221;, afirmou Valdemar.<\/p>\n\n\n\n<p>&#8220;Ser\u00e1 oposi\u00e7\u00e3o aos valores comunistas e socialistas. Ser\u00e1 oposi\u00e7\u00e3o ao futuro presidente. O PL seguir\u00e1 mais forte do que nunca na busca pela constru\u00e7\u00e3o de uma na\u00e7\u00e3o unida pela liberdade, verdade e f\u00e9&#8221;, completou.<\/p>\n\n\n\n<p>As declara\u00e7\u00f5es foram dadas durante uma coletiva de imprensa em Bras\u00edlia. Na ocasi\u00e3o, Valdemar anunciou, ainda, que convidou Bolsonaro para ser presidente de honra da legenda. &#8220;N\u00f3s queremos que ele comande o nosso partido, queremos Bolsonaro \u00e0 frente dessa luta que ele construiu.&#8221;<\/p>\n\n\n\n<p>Segundo Valdemar, a ideia, ainda inicial, \u00e9 construir uma estrutura para Bolsonaro nas depend\u00eancias do edif\u00edcio do partido. N\u00e3o h\u00e1, ainda, valores da remunera\u00e7\u00e3o do atual chefe do Executivo federal em seu novo cargo.<\/p>\n\n\n\n<p>&#8220;Para que ele possa continuar cultivando esses milh\u00f5es de seguidores que ele tem, a estrutura vai ser a que ele necessitar. N\u00f3s temos uma \u00e1rea anexa ao partido, quero montar a estrutura dele l\u00e1, e o que ele necessitar n\u00f3s vamos fazer para ele. \u00c9 importante que ele corra pelo Brasil, continue fazendo pol\u00edtica&#8221;, disse.<\/p>\n\n\n\n<h3>Elei\u00e7\u00f5es<\/h3>\n\n\n\n<p>Valdemar evitou expor suas avalia\u00e7\u00f5es sobre o resultado e a confiabilidade das urnas eletr\u00f4nicas. Na coletiva de imprensa, o presidente do PL afirmou que espera o relat\u00f3rio produzido sobre o assunto pelo Minist\u00e9rio da Defesa. O documento citado ser\u00e1 apresentado nesta quarta-feira (9) ao TSE (Tribunal Superior Eleitoral).<\/p>\n\n\n\n<p>&#8220;N\u00f3s temos questionamentos que fizemos ao TSE e estamos aguardando. E vamos aguardar amanh\u00e3 o relat\u00f3rio do Ex\u00e9rcito, para saber o que eles v\u00e3o trazer, ter conhecimento disso, \u00e9 importante para n\u00f3s. Mas n\u00e3o temos previs\u00e3o, n\u00e3o temos nada na m\u00e3o&#8221;, relatou Valdemar.<\/p>\n\n\n\n<p>Para as elei\u00e7\u00f5es deste ano, o TSE convidou as For\u00e7as Armadas para compor a CTE (Comiss\u00e3o de Transpar\u00eancia das Elei\u00e7\u00f5es), um colegiado externo com o objetivo de coletar sugest\u00f5es para aprimorar o processo eleitoral. Al\u00e9m dos militares, participaram membros da C\u00e2mara dos Deputados, do Senado Federal, da OAB (Ordem dos Advogados do Brasil) e de outras institui\u00e7\u00f5es p\u00fablicas e da sociedade civil.<\/p>\n\n\n\n<p>Desde que passou a atuar na CTE, a Defesa fez v\u00e1rios questionamentos ao TSE e levantou d\u00favidas sobre a seguran\u00e7a das urnas eletr\u00f4nicas, apesar do fato de que os equipamentos passam por diversas etapas de prepara\u00e7\u00e3o e fiscaliza\u00e7\u00e3o, tanto interna quanto externa. Como mostrou o&nbsp;<strong>R7<\/strong>, as indaga\u00e7\u00f5es feitas pelos militares foram as primeiras em 26 anos de urna no Brasil.<\/p>\n\n\n\n<p>Nas elei\u00e7\u00f5es deste ano, Bolsonaro levantou suspeitas sobre as urnas e acusou o sistema de fraude, sem apresentar provas. Valdemar foi indagado sobre a possibilidade de o partido apoiar Bolsonaro caso o presidente questione o resultado eleitoral. &#8220;Ele s\u00f3 vai questionar se tiver algo na m\u00e3o. Se n\u00e3o, n\u00e3o. Estamos esperando o relat\u00f3rio do Ex\u00e9rcito, para ver se tem alguma inconsist\u00eancia, para ver se pode questionar o TSE.&#8221;<\/p>\n\n\n\n<h3>PEC da Transi\u00e7\u00e3o<\/h3>\n\n\n\n<p>Durante a coletiva de imprensa, tamb\u00e9m foi perguntado a Valdemar se o partido apoiar\u00e1 a PEC (proposta de emenda \u00e0 Constitui\u00e7\u00e3o) da Transi\u00e7\u00e3o \u2014 a medida \u00e9 analisada pelo governo eleito como forma de manuten\u00e7\u00e3o do Aux\u00edlio Brasil de R$ 600 e ganho real do sal\u00e1rio m\u00ednimo.<\/p>\n\n\n\n<p>Valdemar destacou que conversou com Bolsonaro sobre o assunto e, se a medida for, de fato, ben\u00e9fica ao pa\u00eds, a legenda dever\u00e1 votar a favor da proposta. &#8220;Ele falou que todos esses assuntos t\u00eam que levar para bancada, e resolveremos juntos. Se \u00e9 de interesse p\u00fablico, de interesse do pa\u00eds, o Bolsonaro falou isso, n\u00f3s vamos votar a favor, mas tudo tem que ser discutido antes.&#8221;<\/p>\n","protected":false},"excerpt":{"rendered":"<p>O presidente do PL, Valdemar Costa Neto, informou nesta ter\u00e7a-feira (8) que o partido far\u00e1 oposi\u00e7\u00e3o ao presidente eleito,&nbsp;Luiz In\u00e1cio Lula da Silva (PT), e anunciou que convidou&nbsp;Jair Bolsonaro (PL)&nbsp;para ser presidente de honra da sigla. O pol\u00edtico afirmou, ainda, que o atual chefe do Executivo ser\u00e1 candidato da legenda ao Pal\u00e1cio do Planalto em [&hellip;]<\/p>\n","protected":false},"author":2,"featured_media":13353,"comment_status":"open","ping_status":"open","sticky":false,"template":"","format":"standard","meta":[],"categories":[4],"tags":[],"_links":{"self":[{"href":"https:\/\/dgospel.com.br\/portal\/index.php\/wp-json\/wp\/v2\/posts\/13352"}],"collection":[{"href":"https:\/\/dgospel.com.br\/portal\/index.php\/wp-json\/wp\/v2\/posts"}],"about":[{"href":"https:\/\/dgospel.com.br\/portal\/index.php\/wp-json\/wp\/v2\/types\/post"}],"author":[{"embeddable":true,"href":"https:\/\/dgospel.com.br\/portal\/index.php\/wp-json\/wp\/v2\/users\/2"}],"replies":[{"embeddable":true,"href":"https:\/\/dgospel.com.br\/portal\/index.php\/wp-json\/wp\/v2\/comments?post=13352"}],"version-history":[{"count":1,"href":"https:\/\/dgospel.com.br\/portal\/index.php\/wp-json\/wp\/v2\/posts\/13352\/revisions"}],"predecessor-version":[{"id":13354,"href":"https:\/\/dgospel.com.br\/portal\/index.php\/wp-json\/wp\/v2\/posts\/13352\/revisions\/13354"}],"wp:featuredmedia":[{"embeddable":true,"href":"https:\/\/dgospel.com.br\/portal\/index.php\/wp-json\/wp\/v2\/media\/13353"}],"wp:attachment":[{"href":"https:\/\/dgospel.com.br\/portal\/index.php\/wp-json\/wp\/v2\/media?parent=13352"}],"wp:term":[{"taxonomy":"category","embeddable":true,"href":"https:\/\/dgospel.com.br\/portal\/index.php\/wp-json\/wp\/v2\/categories?post=13352"},{"taxonomy":"post_tag","embeddable":true,"href":"https:\/\/dgospel.com.br\/portal\/index.php\/wp-json\/wp\/v2\/tags?post=13352"}],"curies":[{"name":"wp","href":"https:\/\/api.w.org\/{rel}","templated":true}]}}