{"id":13355,"date":"2022-11-08T18:20:46","date_gmt":"2022-11-08T21:20:46","guid":{"rendered":"http:\/\/dgospel.com.br\/portal\/?p=13355"},"modified":"2022-11-08T18:20:47","modified_gmt":"2022-11-08T21:20:47","slug":"bolsonaro-publica-1a-foto-apos-eleicao-e-dispara-em-curtidas","status":"publish","type":"post","link":"https:\/\/dgospel.com.br\/portal\/index.php\/2022\/11\/08\/bolsonaro-publica-1a-foto-apos-eleicao-e-dispara-em-curtidas\/","title":{"rendered":"Bolsonaro publica 1\u00aa foto ap\u00f3s elei\u00e7\u00e3o e dispara em curtidas"},"content":{"rendered":"\n<p>O presidente Jair Bolsonaro (PL) movimentou a internet no in\u00edcio da tarde desta ter\u00e7a-feira (8) ao publicar a primeira foto nas redes sociais ap\u00f3s o resultado das elei\u00e7\u00f5es, em 30 de outubro. A apari\u00e7\u00e3o anterior, em 2 de novembro, o chefe do Executivo havia publicado um v\u00eddeo pedindo aos manifestantes que desobstru\u00edssem as rodovias.<\/p>\n\n\n\n<p>Na imagem postada em seu perfil oficial no Instagram, Bolsonaro aparece segurando a bandeira do Brasil. A foto \u00e9 do per\u00edodo de campanha. N\u00e3o h\u00e1 legenda na publica\u00e7\u00e3o, que j\u00e1 conta com quase tr\u00eas milh\u00f5es de curtidas.<\/p>\n\n\n\n<figure class=\"wp-block-image\"><img src=\"https:\/\/static.cdn.pleno.news\/2022\/11\/Screenshot_2096.png\" alt=\"\" class=\"wp-image-1039330\"\/><\/figure>\n\n\n\n<p>No Twtter tamb\u00e9m foi feita uma publica\u00e7\u00e3o, com uma imagem do mesma ocasi\u00e3o da foto postada no Instagram, tamb\u00e9m sem legenda. A postagem na rede de Elon Musk conta com quase 200 mil curtidas e mais de 20 mil coment\u00e1rios.<\/p>\n\n\n\n<figure class=\"wp-block-image\"><img src=\"https:\/\/static.cdn.pleno.news\/2022\/11\/Screenshot_2095.png\" alt=\"\" class=\"wp-image-1039331\"\/><\/figure>\n","protected":false},"excerpt":{"rendered":"<p>O presidente Jair Bolsonaro (PL) movimentou a internet no in\u00edcio da tarde desta ter\u00e7a-feira (8) ao publicar a primeira foto nas redes sociais ap\u00f3s o resultado das elei\u00e7\u00f5es, em 30 de outubro. A apari\u00e7\u00e3o anterior, em 2 de novembro, o chefe do Executivo havia publicado um v\u00eddeo pedindo aos manifestantes que desobstru\u00edssem as rodovias. Na [&hellip;]<\/p>\n","protected":false},"author":2,"featured_media":13356,"comment_status":"open","ping_status":"open","sticky":false,"template":"","format":"standard","meta":[],"categories":[4],"tags":[],"_links":{"self":[{"href":"https:\/\/dgospel.com.br\/portal\/index.php\/wp-json\/wp\/v2\/posts\/13355"}],"collection":[{"href":"https:\/\/dgospel.com.br\/portal\/index.php\/wp-json\/wp\/v2\/posts"}],"about":[{"href":"https:\/\/dgospel.com.br\/portal\/index.php\/wp-json\/wp\/v2\/types\/post"}],"author":[{"embeddable":true,"href":"https:\/\/dgospel.com.br\/portal\/index.php\/wp-json\/wp\/v2\/users\/2"}],"replies":[{"embeddable":true,"href":"https:\/\/dgospel.com.br\/portal\/index.php\/wp-json\/wp\/v2\/comments?post=13355"}],"version-history":[{"count":1,"href":"https:\/\/dgospel.com.br\/portal\/index.php\/wp-json\/wp\/v2\/posts\/13355\/revisions"}],"predecessor-version":[{"id":13357,"href":"https:\/\/dgospel.com.br\/portal\/index.php\/wp-json\/wp\/v2\/posts\/13355\/revisions\/13357"}],"wp:featuredmedia":[{"embeddable":true,"href":"https:\/\/dgospel.com.br\/portal\/index.php\/wp-json\/wp\/v2\/media\/13356"}],"wp:attachment":[{"href":"https:\/\/dgospel.com.br\/portal\/index.php\/wp-json\/wp\/v2\/media?parent=13355"}],"wp:term":[{"taxonomy":"category","embeddable":true,"href":"https:\/\/dgospel.com.br\/portal\/index.php\/wp-json\/wp\/v2\/categories?post=13355"},{"taxonomy":"post_tag","embeddable":true,"href":"https:\/\/dgospel.com.br\/portal\/index.php\/wp-json\/wp\/v2\/tags?post=13355"}],"curies":[{"name":"wp","href":"https:\/\/api.w.org\/{rel}","templated":true}]}}