{"id":13358,"date":"2022-11-09T16:24:59","date_gmt":"2022-11-09T19:24:59","guid":{"rendered":"http:\/\/dgospel.com.br\/portal\/?p=13358"},"modified":"2022-11-09T16:25:00","modified_gmt":"2022-11-09T19:25:00","slug":"grazielly-oliveira-assume-a-presidencia-da-agencia-de-metrologia","status":"publish","type":"post","link":"https:\/\/dgospel.com.br\/portal\/index.php\/2022\/11\/09\/grazielly-oliveira-assume-a-presidencia-da-agencia-de-metrologia\/","title":{"rendered":"Grazielly Oliveira assume a presid\u00eancia da Ag\u00eancia de Metrologia"},"content":{"rendered":"\n<p>Grazielly Oliveira assume a presid\u00eancia da Ag\u00eancia de Metrologia, Avalia\u00e7\u00e3o da Conformidade, Inova\u00e7\u00e3o e Tecnologia do Estado do Tocantins (AEM-TO), que \u00e9 o \u00f3rg\u00e3o delegado do Instituto Nacional de Metrologia, Qualidade e Tecnologia (Inmetro), ap\u00f3s quatro anos como diretora t\u00e9cnica da pasta. Nomeada pelo governador Wanderlei Barbosa, no Di\u00e1rio Oficial do Estado do Tocantins n\u00b0 6.202. Com amplo conhecimento do \u00f3rg\u00e3o e excelente conviv\u00eancia com a equipe, a gestora assume o cargo.<\/p>\n\n\n\n<p>\u201c\u00c9 com satisfa\u00e7\u00e3o e com muita responsabilidade que assumo a presid\u00eancia da Ag\u00eancia de Metrologia. Meu compromisso institucional \u00e9 de manter a harmonia nas rela\u00e7\u00f5es de consumo, de refor\u00e7ar a confian\u00e7a da sociedade tocantinense nos produtos da ind\u00fastria e com\u00e9rcio do pa\u00eds e no fortalecimento da credibilidade dos empres\u00e1rios nas medi\u00e7\u00f5es e na qualidade das mercadorias produzida\u201d, destaca a gestora.<\/p>\n\n\n\n<p>Em seus primeiros dias \u00e0 frente do \u00f3rg\u00e3o, Grazielly se reuniu com os setores para ouvir as demandas e sugest\u00f5es para alinhar as a\u00e7\u00f5es de trabalho. \u201cQuero fazer uma gest\u00e3o integrada e participativa, com todo o time envolvido e comprometido em trabalhar em prol da sociedade tocantinense e alinhado \u00e0s diretrizes do Governo Wanderlei Barbosa\u201d, refor\u00e7a a presidente.<\/p>\n\n\n\n<p><strong>Perfil profissional<\/strong><\/p>\n\n\n\n<p>Graduada pela Universidade Luterana do Brasil (Ulbra) conta com amplo conhecimento mercadol\u00f3gico, pois j\u00e1 foi empres\u00e1ria no Estado, sendo estudiosa dos direitos e deveres da classe. Ingressou no servi\u00e7o p\u00fablico em 2012 e atuou como Chefe de Gabinete da Secretaria Extraordin\u00e1ria de Assuntos Parlamentares e da Assembleia Legislativa do Tocantins. Nos \u00faltimos quatro anos esteve \u00e0 frente da Diretoria T\u00e9cnica da Ag\u00eancia de Metrologia.<\/p>\n\n\n\n<p>Em sua gest\u00e3o, a prioridade ser\u00e1 atuar em concomit\u00e2ncia com as a\u00e7\u00f5es pactuadas pelo Instituto Nacional de Metrologia, Qualidade e Tecnologia (Inmetro), haja vista que a AEM \u00e9 membro integrante da Rede Brasileira de Metrologia Legal e Qualidade Industrial (RBMLQI) e o \u00f3rg\u00e3o delegado do Inmetro no Tocantins. Para isso ser\u00e1 pautada na legalidade, efici\u00eancia e transpar\u00eancia das a\u00e7\u00f5es da pasta.<\/p>\n\n\n\n<p><strong>Sobre a Ag\u00eancia de Metrologia<\/strong><\/p>\n\n\n\n<p>\u00c9 miss\u00e3o da Ag\u00eancia de Metrologia o fomento da competitividade legal das empresas do Tocantins e a busca pelo crescimento da confian\u00e7a da sociedade nas medi\u00e7\u00f5es e nos produtos, por meio da metrologia e da avalia\u00e7\u00e3o de conformidade, promovendo a melhoria constante da qualidade. Para tanto, a gestora pretende investir em tecnologia, laborat\u00f3rios, equipamentos e espa\u00e7os adequados para os procedimentos de medi\u00e7\u00e3o e an\u00e1lise, a fim de assegurar cada vez mais a qualidade dos produtos e a concorr\u00eancia legal entre as institui\u00e7\u00f5es.<\/p>\n\n\n\n<p><\/p>\n\n\n\n<p><img src=\"https:\/\/central.to.gov.br\/image\/308230?w=670&amp;h=383\"><\/p>\n\n\n\n<p>Em seus primeiros dias \u00e0 frente do \u00f3rg\u00e3o, Grazielly se reuniu com os setores para ouvir as demandas e sugest\u00f5es do time, bem como para alinhar as a\u00e7\u00f5es de trabalho &#8211; Brenda Ramos\/Governo do Tocantins<\/p>\n\n\n\n<p><img src=\"https:\/\/central.to.gov.br\/image\/308231?w=670&amp;h=383\"><\/p>\n\n\n\n<p>Presidente Grazielly se re\u00fane com a equipe t\u00e9cnica e administrativa para ouvir as demandas e sugest\u00f5es dos setores &#8211; Brenda Ramos\/Governo do Tocantins\u00a0<\/p>\n","protected":false},"excerpt":{"rendered":"<p>Grazielly Oliveira assume a presid\u00eancia da Ag\u00eancia de Metrologia, Avalia\u00e7\u00e3o da Conformidade, Inova\u00e7\u00e3o e Tecnologia do Estado do Tocantins (AEM-TO), que \u00e9 o \u00f3rg\u00e3o delegado do Instituto Nacional de Metrologia, Qualidade e Tecnologia (Inmetro), ap\u00f3s quatro anos como diretora t\u00e9cnica da pasta. Nomeada pelo governador Wanderlei Barbosa, no Di\u00e1rio Oficial do Estado do Tocantins n\u00b0 [&hellip;]<\/p>\n","protected":false},"author":2,"featured_media":13359,"comment_status":"open","ping_status":"open","sticky":false,"template":"","format":"standard","meta":[],"categories":[3],"tags":[13],"_links":{"self":[{"href":"https:\/\/dgospel.com.br\/portal\/index.php\/wp-json\/wp\/v2\/posts\/13358"}],"collection":[{"href":"https:\/\/dgospel.com.br\/portal\/index.php\/wp-json\/wp\/v2\/posts"}],"about":[{"href":"https:\/\/dgospel.com.br\/portal\/index.php\/wp-json\/wp\/v2\/types\/post"}],"author":[{"embeddable":true,"href":"https:\/\/dgospel.com.br\/portal\/index.php\/wp-json\/wp\/v2\/users\/2"}],"replies":[{"embeddable":true,"href":"https:\/\/dgospel.com.br\/portal\/index.php\/wp-json\/wp\/v2\/comments?post=13358"}],"version-history":[{"count":1,"href":"https:\/\/dgospel.com.br\/portal\/index.php\/wp-json\/wp\/v2\/posts\/13358\/revisions"}],"predecessor-version":[{"id":13360,"href":"https:\/\/dgospel.com.br\/portal\/index.php\/wp-json\/wp\/v2\/posts\/13358\/revisions\/13360"}],"wp:featuredmedia":[{"embeddable":true,"href":"https:\/\/dgospel.com.br\/portal\/index.php\/wp-json\/wp\/v2\/media\/13359"}],"wp:attachment":[{"href":"https:\/\/dgospel.com.br\/portal\/index.php\/wp-json\/wp\/v2\/media?parent=13358"}],"wp:term":[{"taxonomy":"category","embeddable":true,"href":"https:\/\/dgospel.com.br\/portal\/index.php\/wp-json\/wp\/v2\/categories?post=13358"},{"taxonomy":"post_tag","embeddable":true,"href":"https:\/\/dgospel.com.br\/portal\/index.php\/wp-json\/wp\/v2\/tags?post=13358"}],"curies":[{"name":"wp","href":"https:\/\/api.w.org\/{rel}","templated":true}]}}