{"id":13365,"date":"2022-11-09T16:48:39","date_gmt":"2022-11-09T19:48:39","guid":{"rendered":"http:\/\/dgospel.com.br\/portal\/?p=13365"},"modified":"2022-11-09T16:48:40","modified_gmt":"2022-11-09T19:48:40","slug":"deputado-reage-a-censura-do-tse-e-pede-que-forcas-armadas-restaurem-lei-e-ordem","status":"publish","type":"post","link":"https:\/\/dgospel.com.br\/portal\/index.php\/2022\/11\/09\/deputado-reage-a-censura-do-tse-e-pede-que-forcas-armadas-restaurem-lei-e-ordem\/","title":{"rendered":"Deputado reage \u00e0 censura do TSE e pede que For\u00e7as Armadas restaurem lei e ordem"},"content":{"rendered":"\n<p>Alexandre de Moraes, atual presidente do Tribunal Superior Eleitoral (TSE) e membro do Supremo Tribunal Federal (STF), se tornou alvo de mais uma rea\u00e7\u00e3o parlamentar contra a sua conduta de censura aos cr\u00edticos, dessa vez incluindo um pedido de socorro \u00e0s For\u00e7as Armadas.<\/p>\n\n\n\n<p>A iniciativa partiu do deputado federal Jos\u00e9 Medeiros, que gravou um v\u00eddeo para anunciar que protocolou um pedido de Garantia da Lei e da Ordem \u00e0s For\u00e7as Armadas, realizado na noite da ter\u00e7a-feira (8).<\/p>\n\n\n\n<p>A rea\u00e7\u00e3o do deputado \u00e9 fruto de mais uma decis\u00e3o do TSE pela derrubada de uma rede social, neste caso a do pr\u00f3prio parlamentar, que perdeu o acesso \u00e0 sua conta no Twitter. \u201cAcabei de protocolar um pedido de GLO\u2026 porque o ministro Alexandre passou de todos os limites\u201d, diz ele na grava\u00e7\u00e3o.<\/p>\n\n\n\n<p>\u201cAcabei de der as minhas contas, minha conta no Twitter censurada, sem que haja pra isso a menor justificativa, n\u00e3o cometi crime algum. O direito sagrado de me expressar est\u00e1 no Artigo 53\u201d, completou Medeiros.<\/p>\n\n\n\n<p>Ainda de acordo com o deputado, a censura ao seu perfil seria uma rea\u00e7\u00e3o por parte de Moraes contra os posicionamentos cr\u00edticos do parlamentar, especificamente acerca do ministro, que na concep\u00e7\u00e3o de Medeiros n\u00e3o deveria ter assumido a presid\u00eancia do TSE.<\/p>\n\n\n\n<p>\u201cO que tem a\u00ed \u00e9 uma \u2018vendetta\u2019. Ele [Moraes] deveria ter se declarado impedido pela liga\u00e7\u00e3o que ele tinha com um dos candidatos. Foi isso que eu disse. Agora, eu tenho o direito de dizer isso, assim como o ministro tem o direito de se expressar como ele quiser. Ele n\u00e3o pode me cercear\u201d, disparou&nbsp;<a href=\"https:\/\/pt.wikipedia.org\/wiki\/Jos%C3%A9_Antonio_Medeiros\">o<\/a>&nbsp;deputado.<\/p>\n\n\n\n<p>\u201cN\u00f3s n\u00e3o vamos aceitar isso e eu pedi agora que o Ex\u00e9rcito e as For\u00e7as Armadas possam garantir ao povo brasileiro o direito de se expressar e que eles entrem em a\u00e7\u00e3o para que isso seja garantido. N\u00f3s precisamos de uma GLO. Eu nunca pensei que ia ter que pedir ao Ex\u00e9rcito para garantir os nossos direitos de liberdade\u201d, acrescentou.<\/p>\n\n\n\n<p><strong>Censura de \u201cxerife\u201d<\/strong><\/p>\n\n\n\n<p>Quem tamb\u00e9m vem subindo o tom contra o ministro Alexandre de Moraes \u00e9 o pastor Silas Malafaia, l\u00edder da Assembleia de Deus Vit\u00f3ria em Cristo (ADVEC). O l\u00edder religioso gravou um v\u00eddeo esta semana, onde comparou a postura do juiz a de um \u201cxerife\u201d.<\/p>\n\n\n\n<p>Segundo o pastor, Moraes \u201c<a href=\"https:\/\/noticias.gospelmais.com.br\/alexandre-de-moraes-deu-golpe-brasil-silas-malafaia-158392.html\">j\u00e1 deu o golpe<\/a>\u201d no Brasil ao conduzir um inqu\u00e9rito aberto de of\u00edcio, onde ele mesmo \u00e9 a v\u00edtima, acusador e juiz. Trata-se do pol\u00eamico inqu\u00e9rito das \u201cfake news\u201d, chamado pelo ex-ministro do STF Marco Aur\u00e9lio Mello de \u201cinqu\u00e9rito do fim do mundo\u201d. \u201cVou mostrar quem \u00e9 que comete atos antidemocr\u00e1ticos e j\u00e1 deu golpe: o ditador Alexandre de Moraes. Ele \u00e9 respons\u00e1vel pelo inqu\u00e9rito ilegal e imoral das \u2018fake news\u2019, que n\u00e3o existe no ordenamento jur\u00eddico do Brasil\u201d, criticou Malafaia.<\/p>\n","protected":false},"excerpt":{"rendered":"<p>Alexandre de Moraes, atual presidente do Tribunal Superior Eleitoral (TSE) e membro do Supremo Tribunal Federal (STF), se tornou alvo de mais uma rea\u00e7\u00e3o parlamentar contra a sua conduta de censura aos cr\u00edticos, dessa vez incluindo um pedido de socorro \u00e0s For\u00e7as Armadas. A iniciativa partiu do deputado federal Jos\u00e9 Medeiros, que gravou um v\u00eddeo [&hellip;]<\/p>\n","protected":false},"author":2,"featured_media":13366,"comment_status":"open","ping_status":"open","sticky":false,"template":"","format":"standard","meta":[],"categories":[8],"tags":[],"_links":{"self":[{"href":"https:\/\/dgospel.com.br\/portal\/index.php\/wp-json\/wp\/v2\/posts\/13365"}],"collection":[{"href":"https:\/\/dgospel.com.br\/portal\/index.php\/wp-json\/wp\/v2\/posts"}],"about":[{"href":"https:\/\/dgospel.com.br\/portal\/index.php\/wp-json\/wp\/v2\/types\/post"}],"author":[{"embeddable":true,"href":"https:\/\/dgospel.com.br\/portal\/index.php\/wp-json\/wp\/v2\/users\/2"}],"replies":[{"embeddable":true,"href":"https:\/\/dgospel.com.br\/portal\/index.php\/wp-json\/wp\/v2\/comments?post=13365"}],"version-history":[{"count":1,"href":"https:\/\/dgospel.com.br\/portal\/index.php\/wp-json\/wp\/v2\/posts\/13365\/revisions"}],"predecessor-version":[{"id":13367,"href":"https:\/\/dgospel.com.br\/portal\/index.php\/wp-json\/wp\/v2\/posts\/13365\/revisions\/13367"}],"wp:featuredmedia":[{"embeddable":true,"href":"https:\/\/dgospel.com.br\/portal\/index.php\/wp-json\/wp\/v2\/media\/13366"}],"wp:attachment":[{"href":"https:\/\/dgospel.com.br\/portal\/index.php\/wp-json\/wp\/v2\/media?parent=13365"}],"wp:term":[{"taxonomy":"category","embeddable":true,"href":"https:\/\/dgospel.com.br\/portal\/index.php\/wp-json\/wp\/v2\/categories?post=13365"},{"taxonomy":"post_tag","embeddable":true,"href":"https:\/\/dgospel.com.br\/portal\/index.php\/wp-json\/wp\/v2\/tags?post=13365"}],"curies":[{"name":"wp","href":"https:\/\/api.w.org\/{rel}","templated":true}]}}