{"id":13368,"date":"2022-11-09T16:55:31","date_gmt":"2022-11-09T19:55:31","guid":{"rendered":"http:\/\/dgospel.com.br\/portal\/?p=13368"},"modified":"2022-11-09T16:55:33","modified_gmt":"2022-11-09T19:55:33","slug":"malafaia-diz-que-alexandre-de-moraes-ja-deu-golpe-no-brasil-e-avisa-vai-chegar-sua-vez","status":"publish","type":"post","link":"https:\/\/dgospel.com.br\/portal\/index.php\/2022\/11\/09\/malafaia-diz-que-alexandre-de-moraes-ja-deu-golpe-no-brasil-e-avisa-vai-chegar-sua-vez\/","title":{"rendered":"Malafaia diz que Alexandre de Moraes \u2018j\u00e1 deu golpe\u2019 no Brasil e avisa: \u2018Vai chegar sua vez\u2019"},"content":{"rendered":"\n<p>O pastor Silas Malafaia voltou a denunciar o autoritarismo do ministro Alexandre de Moraes, afirmando que ele rasgou a Constitui\u00e7\u00e3o e, cedo ou tarde, cair\u00e1: \u201cVai chegar a sua vez\u201d.<\/p>\n\n\n\n<p>Nas redes sociais, o pastor da Assembleia de Deus Vit\u00f3ria em Cristo (ADVEC) afirmou que esse era seu v\u00eddeo \u201cmais importante\u201d e acusou Alexandre de Moraes de ter aplicado um golpe na Rep\u00fablica:<\/p>\n\n\n\n<p>\u201cVou mostrar quem \u00e9 que comete atos antidemocr\u00e1ticos e j\u00e1 deu golpe: o ditador Alexandre de Moraes. Ele \u00e9 respons\u00e1vel pelo inqu\u00e9rito ilegal e imoral das \u2018<em>fake news<\/em>\u2019, que n\u00e3o existe no ordenamento jur\u00eddico do Brasil\u201d, introduziu.<\/p>\n\n\n\n<p>A postura de \u201cxerife\u201d, como descreveu o ex-ministro Marco Aur\u00e9lio Mello, foi comentada por Malafaia, que demonstrou que o atual presidente do TSE destruiu o sistema acusat\u00f3rio da Justi\u00e7a: \u201cAo mesmo tempo ele \u00e9 v\u00edtima, promotor, delegado, juiz. Pior do que a inquisi\u00e7\u00e3o. Ele rasga sucessivamente a Constitui\u00e7\u00e3o. Rasga o artigo 129, n\u00e3o d\u00e1 bem bola para o Minist\u00e9rio P\u00fablico\u201d.<\/p>\n\n\n\n<p>Moraes \u201crasga o artigo 53 e prende deputado; rasga a cl\u00e1usula p\u00e9trea da Constitui\u00e7\u00e3o, o artigo 5\u00b0, a liberdade de express\u00e3o; cerceia dezenas e dezenas de brasileiros nas redes sociais, prende jornalista, prende l\u00edder partid\u00e1rio\u201d.<\/p>\n\n\n\n<p>\u201cOnde \u00e9 que n\u00f3s vamos chegar?\u201d, questionou o pastor. \u201cTudo isso com a coniv\u00eancia da imprensa, que mostra a manifesta\u00e7\u00e3o do povo como ato antidemocr\u00e1tico. A Justi\u00e7a \u00e9 inerte. Para ela agir, ela tem que ser provocada pelo cidad\u00e3o ou pelo Minist\u00e9rio P\u00fablico. Que vergonha estamos assistindo!\u201d, acrescentou.<\/p>\n\n\n\n<p>A censura, disse Malafaia, atingiu um patamar impens\u00e1vel: \u201cNingu\u00e9m pode falar contra a santa, salve, salve, imaculada,&nbsp;<a href=\"https:\/\/noticias.gospelmais.com.br\/auditoria-anomalias-urnas-malafaia-respostas-158329.html\"><strong>idolatrada urna eletr\u00f4nica<\/strong><\/a>, que vai para a fogueira da inquisi\u00e7\u00e3o do ditador Alexandre de Moraes. Ningu\u00e9m pode falar dos deuses do Olimpo brasileiro que \u00e9 o TSE que vai para a mesma fogueira. O TSE deixou de ser tribunal para ser uma organiza\u00e7\u00e3o policial. Nunca vimos isso na nossa hist\u00f3ria\u201d.<\/p>\n\n\n\n<p>\u201cO que est\u00e1 acontecendo no Brasil \u00e9 igual a nazismo, fascismo, comunismo e na\u00e7\u00f5es ditatoriais. Nenhuma na\u00e7\u00e3o com democracia plena cerceia seus cidad\u00e3os. [\u2026] Cad\u00ea os senadores e os outros ministros do STF? Andr\u00e9 Mendon\u00e7a j\u00e1 se manifestou dizendo que o povo \u00e9 livre para se manifestar contestando as elei\u00e7\u00f5es. Vai cercear ele, ditador Alexandre de Moraes?\u201d, provocou.<\/p>\n\n\n\n<p>\u201cEu queria avisar a todos esses: nenhum poder ditatorial venceu o povo na hist\u00f3ria da humanidade. Pode demorar um m\u00eas, dois, seis meses, um ou cinco anos, senhor Alexandre de Moraes: vai chegar sua vez e voc\u00ea vai cair\u201d,\u00a0<a rel=\"noreferrer noopener\" href=\"https:\/\/www.youtube.com\/watch?v=au1FMJ__SGg\" target=\"_blank\">encerrou<\/a>\u00a0o pastor Silas Malafaia.<\/p>\n\n\n\n<figure class=\"wp-block-embed is-type-video is-provider-youtube wp-block-embed-youtube wp-embed-aspect-16-9 wp-has-aspect-ratio\"><div class=\"wp-block-embed__wrapper\">\n<iframe loading=\"lazy\" title=\"ALEXANDRE DE MORAES! O ditador do Brasil!\" width=\"630\" height=\"354\" src=\"https:\/\/www.youtube.com\/embed\/au1FMJ__SGg?feature=oembed\" frameborder=\"0\" allow=\"accelerometer; autoplay; clipboard-write; encrypted-media; gyroscope; picture-in-picture\" allowfullscreen><\/iframe>\n<\/div><\/figure>\n\n\n\n<p>Fonte: gospelmais<\/p>\n","protected":false},"excerpt":{"rendered":"<p>O pastor Silas Malafaia voltou a denunciar o autoritarismo do ministro Alexandre de Moraes, afirmando que ele rasgou a Constitui\u00e7\u00e3o e, cedo ou tarde, cair\u00e1: \u201cVai chegar a sua vez\u201d. Nas redes sociais, o pastor da Assembleia de Deus Vit\u00f3ria em Cristo (ADVEC) afirmou que esse era seu v\u00eddeo \u201cmais importante\u201d e acusou Alexandre de [&hellip;]<\/p>\n","protected":false},"author":2,"featured_media":13369,"comment_status":"open","ping_status":"open","sticky":false,"template":"","format":"standard","meta":[],"categories":[4],"tags":[],"_links":{"self":[{"href":"https:\/\/dgospel.com.br\/portal\/index.php\/wp-json\/wp\/v2\/posts\/13368"}],"collection":[{"href":"https:\/\/dgospel.com.br\/portal\/index.php\/wp-json\/wp\/v2\/posts"}],"about":[{"href":"https:\/\/dgospel.com.br\/portal\/index.php\/wp-json\/wp\/v2\/types\/post"}],"author":[{"embeddable":true,"href":"https:\/\/dgospel.com.br\/portal\/index.php\/wp-json\/wp\/v2\/users\/2"}],"replies":[{"embeddable":true,"href":"https:\/\/dgospel.com.br\/portal\/index.php\/wp-json\/wp\/v2\/comments?post=13368"}],"version-history":[{"count":1,"href":"https:\/\/dgospel.com.br\/portal\/index.php\/wp-json\/wp\/v2\/posts\/13368\/revisions"}],"predecessor-version":[{"id":13370,"href":"https:\/\/dgospel.com.br\/portal\/index.php\/wp-json\/wp\/v2\/posts\/13368\/revisions\/13370"}],"wp:featuredmedia":[{"embeddable":true,"href":"https:\/\/dgospel.com.br\/portal\/index.php\/wp-json\/wp\/v2\/media\/13369"}],"wp:attachment":[{"href":"https:\/\/dgospel.com.br\/portal\/index.php\/wp-json\/wp\/v2\/media?parent=13368"}],"wp:term":[{"taxonomy":"category","embeddable":true,"href":"https:\/\/dgospel.com.br\/portal\/index.php\/wp-json\/wp\/v2\/categories?post=13368"},{"taxonomy":"post_tag","embeddable":true,"href":"https:\/\/dgospel.com.br\/portal\/index.php\/wp-json\/wp\/v2\/tags?post=13368"}],"curies":[{"name":"wp","href":"https:\/\/api.w.org\/{rel}","templated":true}]}}