{"id":1337,"date":"2018-09-16T23:24:18","date_gmt":"2018-09-17T02:24:18","guid":{"rendered":"http:\/\/dgospel.com.br\/portal\/?p=1337"},"modified":"2018-09-16T23:24:18","modified_gmt":"2018-09-17T02:24:18","slug":"amastha-assina-termo-de-compromisso-sobre-educacao-publica-com-o-mpe-e-participa-de-debate-com-empresarios","status":"publish","type":"post","link":"https:\/\/dgospel.com.br\/portal\/index.php\/2018\/09\/16\/amastha-assina-termo-de-compromisso-sobre-educacao-publica-com-o-mpe-e-participa-de-debate-com-empresarios\/","title":{"rendered":"Amastha assina termo de compromisso sobre educa\u00e7\u00e3o p\u00fablica com o MPE e participa de debate com empres\u00e1rios"},"content":{"rendered":"<p class=\"yiv9574910130MsoNormal\">O candidato a governador Carlos Amastha (PSB) assina, nesta segunda-feira, 17 de setembro, carta-compromisso com o MPE (Minist\u00e9rio P\u00fablico Estadual) e MPC (Minist\u00e9rio P\u00fablico de Contas) pela qualidade da educa\u00e7\u00e3o p\u00fablica. A assinatura do termo ocorre a partir das 14 horas, na sede do MPE.<\/p>\n<p class=\"yiv9574910130MsoNormal\">Al\u00e9m disso, a agenda do candidato prev\u00ea participa\u00e7\u00e3o em debate com empres\u00e1rios promovido pela Fecom\u00e9rcio e Sebrae, \u00e0s 15 horas, no teatro Sesc, reuni\u00e3o com l\u00edderes do sistema de sa\u00fade, \u00e0s 19 horas, e grande reuni\u00e3o no Jardim Taquari, \u00e0s 20 horas.<\/p>\n<p class=\"yiv9574910130MsoNormal\">Sobre o termo de compromisso com o MPE e o MPC, trata-se de iniciativa que tem o objetivo formalizar o comprometimento dos candidatos ao Governo do Tocantins com pol\u00edticas p\u00fablicas durante o mandato, que visem \u00e0 oferta de educa\u00e7\u00e3o de qualidade.<\/p>\n<p class=\"yiv9574910130MsoNormal\">Com a assinatura do documento, os candidatos se responsabilizam em priorizar o financiamento constitucional do direito \u00e0 educa\u00e7\u00e3o e em atender \u00e0s metas estabelecidas nos Planos Nacional e Estadual de Educa\u00e7\u00e3o. A carta menciona ainda a universaliza\u00e7\u00e3o da oferta da educa\u00e7\u00e3o b\u00e1sica obrigat\u00f3ria e gratuita dos 4 aos 17 anos de idade; a aplica\u00e7\u00e3o dos recursos do Fundeb (Fundo de Manuten\u00e7\u00e3o e Desenvolvimento da Educa\u00e7\u00e3o B\u00e1sica e de Valoriza\u00e7\u00e3o dos Profissionais da Educa\u00e7\u00e3o); e os padr\u00f5es m\u00ednimos de qualidade de ensino necess\u00e1rios ao desenvolvimento do processo ensino-aprendizagem.<\/p>\n<p class=\"yiv9574910130MsoNormal\">\n<p class=\"yiv9574910130MsoNormal\"><b>*Metas cumpridas em Palmas*<\/b><\/p>\n<p class=\"yiv9574910130MsoNormal\">\n<p class=\"yiv9574910130MsoNormal\">Neste domingo, 16 de setembro, Amastha afirmou que \u00e9 um orgulho poder assinar um compromisso para qualifica\u00e7\u00e3o da educa\u00e7\u00e3o, um dos pontos que mais tem destaque no seu plano de governo. \u201c\u00c0 frente da Prefeitura de Palmas, trabalhamos incessantemente pela melhoria da educa\u00e7\u00e3o. Conseguimos muito, Palmas tem o segundo melhor IDEB (\u00cdndice de Desenvolvimento da Educa\u00e7\u00e3o B\u00e1sica) entre as capitais do pa\u00eds\u201d, ressaltou Amastha, ao lembrar que as metas estipuladas pelo MEC (Minist\u00e9rio da Educa\u00e7\u00e3o) foram alcan\u00e7adas com muita sobre e a Capital tocantinense, inclusive, j\u00e1 est\u00e1 melhor do que era a previs\u00e3o para ser alcan\u00e7ado s\u00f3 em 2021.<\/p>\n<p class=\"yiv9574910130MsoNormal\">Enquanto isso, o Estado patina. Dos tr\u00eas \u00edndices medidos, dois est\u00e3o abaixo das metas estipuladas para 2017. \u201cPrecisamos fazer muito pela educa\u00e7\u00e3o do Estado para levar a mesma qualidade de Palmas para todo o Tocantins\u201d, salientou, ao lembrar que seu plano de governo prev\u00ea a conclus\u00e3o das 8 escolas de tempo integral com obras paradas, al\u00e9m da constru\u00e7\u00e3o de mais 20, todas elas tem\u00e1ticas e voltadas para potencialidade de cada regi\u00e3o.<\/p>\n","protected":false},"excerpt":{"rendered":"<p>O candidato a governador Carlos Amastha (PSB) assina, nesta segunda-feira, 17 de setembro, carta-compromisso com o MPE (Minist\u00e9rio P\u00fablico Estadual) e MPC (Minist\u00e9rio P\u00fablico de Contas) pela qualidade da educa\u00e7\u00e3o p\u00fablica. A assinatura do termo ocorre a partir das 14 horas, na sede do MPE. Al\u00e9m disso, a agenda do candidato prev\u00ea participa\u00e7\u00e3o em debate [&hellip;]<\/p>\n","protected":false},"author":2,"featured_media":1338,"comment_status":"open","ping_status":"open","sticky":false,"template":"","format":"standard","meta":[],"categories":[2,4],"tags":[],"_links":{"self":[{"href":"https:\/\/dgospel.com.br\/portal\/index.php\/wp-json\/wp\/v2\/posts\/1337"}],"collection":[{"href":"https:\/\/dgospel.com.br\/portal\/index.php\/wp-json\/wp\/v2\/posts"}],"about":[{"href":"https:\/\/dgospel.com.br\/portal\/index.php\/wp-json\/wp\/v2\/types\/post"}],"author":[{"embeddable":true,"href":"https:\/\/dgospel.com.br\/portal\/index.php\/wp-json\/wp\/v2\/users\/2"}],"replies":[{"embeddable":true,"href":"https:\/\/dgospel.com.br\/portal\/index.php\/wp-json\/wp\/v2\/comments?post=1337"}],"version-history":[{"count":1,"href":"https:\/\/dgospel.com.br\/portal\/index.php\/wp-json\/wp\/v2\/posts\/1337\/revisions"}],"predecessor-version":[{"id":1339,"href":"https:\/\/dgospel.com.br\/portal\/index.php\/wp-json\/wp\/v2\/posts\/1337\/revisions\/1339"}],"wp:featuredmedia":[{"embeddable":true,"href":"https:\/\/dgospel.com.br\/portal\/index.php\/wp-json\/wp\/v2\/media\/1338"}],"wp:attachment":[{"href":"https:\/\/dgospel.com.br\/portal\/index.php\/wp-json\/wp\/v2\/media?parent=1337"}],"wp:term":[{"taxonomy":"category","embeddable":true,"href":"https:\/\/dgospel.com.br\/portal\/index.php\/wp-json\/wp\/v2\/categories?post=1337"},{"taxonomy":"post_tag","embeddable":true,"href":"https:\/\/dgospel.com.br\/portal\/index.php\/wp-json\/wp\/v2\/tags?post=1337"}],"curies":[{"name":"wp","href":"https:\/\/api.w.org\/{rel}","templated":true}]}}