{"id":13380,"date":"2022-11-10T11:08:55","date_gmt":"2022-11-10T14:08:55","guid":{"rendered":"http:\/\/dgospel.com.br\/portal\/?p=13380"},"modified":"2022-11-10T11:08:56","modified_gmt":"2022-11-10T14:08:56","slug":"nicaragua-ja-baniu-mais-de-2-600-ongs-maioria-religiosas-e-evangelicas","status":"publish","type":"post","link":"https:\/\/dgospel.com.br\/portal\/index.php\/2022\/11\/10\/nicaragua-ja-baniu-mais-de-2-600-ongs-maioria-religiosas-e-evangelicas\/","title":{"rendered":"Nicar\u00e1gua j\u00e1 baniu mais de 2.600 ONGs, maioria religiosas e evang\u00e9licas"},"content":{"rendered":"\n<p>O regime de&nbsp;<a href=\"https:\/\/guiame.com.br\/tudo-sobre?tag=daniel+ortega\"><strong>Daniel Ortega<\/strong><\/a>&nbsp;determinou a suspens\u00e3o das atividades de 100 ONGs na&nbsp;<a href=\"https:\/\/guiame.com.br\/tudo-sobre?tag=Nicar%C3%A1gua\"><strong>Nicar\u00e1gua<\/strong><\/a>. O an\u00fancio foi publicado em 4 de novembro no jornal oficial do Estado, La Gaceta.&nbsp;<\/p>\n\n\n\n<p>At\u00e9 agora, j\u00e1 s\u00e3o 2.689 entidades bloqueadas na Nicar\u00e1gua em 2022, como resultado da repress\u00e3o promovida pelo governo de Ortega. A maioria das organiza\u00e7\u00f5es s\u00e3o religiosas e evang\u00e9licas, informou o site Infobae.<\/p>\n\n\n\n<p>O governo alega que algumas ONGs nacionais e estrangeiras \u201ct\u00eam dificultado o controle e fiscaliza\u00e7\u00e3o da Direc\u00e7\u00e3o-Geral de Registro e Controle de NPOs do Minist\u00e9rio do Interior, ao n\u00e3o cumprirem os regulamentos do marco regulat\u00f3rio, ao n\u00e3o reportar: demonstra\u00e7\u00f5es financeiras, conselhos de administra\u00e7\u00e3o do pa\u00eds de origem, informa\u00e7\u00f5es de identidade e origem de seus membros doadores\u201d.<\/p>\n\n\n\n<p>Entre as \u00faltimas 100 ONGs que tiveram suas atividades encerradas, no entanto, apenas duas s\u00e3o estrangeiras: a Associa\u00e7\u00e3o Afiliada Roblealto, da Costa Rica, e o Minist\u00e9rio Mission\u00e1rio Miss\u00e3o dos Setenta, dos Estados Unidos.<\/p>\n\n\n\n<p>As 98 restantes s\u00e3o nicaraguenses, de car\u00e1ter religioso e social. Para justificar o fechamento destas organiza\u00e7\u00f5es nacionais, o Minist\u00e9rio do Interior alega que \u201cn\u00e3o cumpriram as suas obriga\u00e7\u00f5es de acordo com o quadro regulamentar\u201d, j\u00e1 que n\u00e3o prestaram contas administrativas, financeiras e cont\u00e1beis conforme o regulamento.<\/p>\n\n\n\n<p>O jornal La Prensa informou que entre as ONGs nicaraguenses canceladas, destacam-se um grande n\u00famero de organiza\u00e7\u00f5es religiosas e evang\u00e9licas.<\/p>\n\n\n\n<p>Entre elas est\u00e3o a Associa\u00e7\u00e3o Jesus Cristo Meu Guia; Funda\u00e7\u00e3o Batista para o Desenvolvimento Educacional; Associa\u00e7\u00e3o de Te\u00f3logos Crist\u00e3os; Associa\u00e7\u00e3o da Igreja Mission\u00e1ria de Bel\u00e9m; Funda\u00e7\u00e3o de Capel\u00e3es e Pastores Unidos pelo Reino; Associa\u00e7\u00e3o de Igrejas Evang\u00e9licas O Poderoso de Israel do Munic\u00edpio de San Jos\u00e9 de los Remates; Associa\u00e7\u00e3o de Minist\u00e9rios Jeov\u00e1 \u00e9 Meu Guerreiro; Associa\u00e7\u00e3o da Igreja Evang\u00e9lica do S\u00e9timo Dia; Associa\u00e7\u00e3o do Minist\u00e9rio Prof\u00e9tico Apost\u00f3lico Levantando a Colheita da Nicar\u00e1gua, entre outras.<\/p>\n\n\n\n<p>Essas a\u00e7\u00f5es s\u00e3o poss\u00edveis porque a lei que regulamenta ONGs nacionais e estrangeiras est\u00e1 nas m\u00e3os do Executivo, a cargo de Daniel Ortega. Tudo isso \u00e9 feito atrav\u00e9s do Minist\u00e9rio do Interior, sem a necessidade de passar pelo parlamento.<\/p>\n\n\n\n<p>O site Infobae informa que o bloqueio dessas organiza\u00e7\u00f5es foi repudiado pela oposi\u00e7\u00e3o e pela comunidade internacional, incluindo a ONU, que questionou esta campanha e alertou que ela faz parte de uma onda de repress\u00e3o que come\u00e7ou ap\u00f3s os protestos de 2018 e foi refor\u00e7ada nos meses antes das elei\u00e7\u00f5es de 2021.<\/p>\n\n\n\n<p><img src=\"https:\/\/thumbor.guiame.com.br\/unsafe\/smart\/https:\/\/media.guiame.com.br\/archives\/2022\/11\/01\/3703181271-padre.webp\" alt=\"\" width=\"600\"><br><sup>Dom Rolando \u00c1lvarez antes de ser preso por autoridades na Nicar\u00e1gua. (Foto: Reprodu\u00e7\u00e3o\/Aleteia)<\/sup><\/p>\n\n\n\n<p><strong>Repress\u00e3o na Nicar\u00e1gua<\/strong><\/p>\n\n\n\n<p>A Organiza\u00e7\u00e3o dos Estados Americanos (OEA) solicitou ao regime nicaraguense no m\u00eas passado que \u201ccessasse toda a\u00e7\u00e3o violenta\u201d contra a popula\u00e7\u00e3o do seu pa\u00eds e \u201crestaure plenamente os direitos c\u00edvicos e pol\u00edticos, as liberdades religiosas e o Estado de direito\u201d.<\/p>\n\n\n\n<p>Al\u00e9m das queixas sobre as persegui\u00e7\u00f5es, a Alian\u00e7a Internacional para a Liberdade Religiosa e de Cren\u00e7a expressou sua preocupa\u00e7\u00e3o com o cont\u00ednuo descumprimento da Nicar\u00e1gua de suas obriga\u00e7\u00f5es internacionais de direitos humanos e condenou a \u201chostilidade, discrimina\u00e7\u00e3o e persegui\u00e7\u00e3o\u201d no pa\u00eds \u2014 especificamente \u201cas relacionadas com a Igreja Cat\u00f3lica\u201d.<\/p>\n\n\n\n<p>Por sua vez, a Associa\u00e7\u00e3o Interamericana de Imprensa alertou sobre a situa\u00e7\u00e3o dos profissionais de m\u00eddia no pa\u00eds.&nbsp;<\/p>\n\n\n\n<p>Durante a 78\u00aa Assembleia Geral, a organiza\u00e7\u00e3o apresentou um documento no qual denunciava que \u201ca ditadura de Daniel Ortega continua varrendo incansavelmente todos os vest\u00edgios de liberdade de imprensa\u201d e lembrou que, desde que chegou ao poder, o regime sandinista \u201cconfiscou as instala\u00e7\u00f5es do jornal La Prensa, fechou o sinal da CNN em espanhol, fechou v\u00e1rias esta\u00e7\u00f5es de r\u00e1dio da Igreja Cat\u00f3lica e cancelou as opera\u00e7\u00f5es de centenas de organiza\u00e7\u00f5es n\u00e3o governamentais.\u201d<\/p>\n\n\n\n<p>Por fim, o estudo detalhou que, junto com Venezuela e Cuba, a Nicar\u00e1gua obteve um dos piores \u00edndices de liberdade de imprensa das Am\u00e9ricas, ocupando a 22\u00aa posi\u00e7\u00e3o.<\/p>\n","protected":false},"excerpt":{"rendered":"<p>O regime de&nbsp;Daniel Ortega&nbsp;determinou a suspens\u00e3o das atividades de 100 ONGs na&nbsp;Nicar\u00e1gua. O an\u00fancio foi publicado em 4 de novembro no jornal oficial do Estado, La Gaceta.&nbsp; At\u00e9 agora, j\u00e1 s\u00e3o 2.689 entidades bloqueadas na Nicar\u00e1gua em 2022, como resultado da repress\u00e3o promovida pelo governo de Ortega. A maioria das organiza\u00e7\u00f5es s\u00e3o religiosas e evang\u00e9licas, [&hellip;]<\/p>\n","protected":false},"author":2,"featured_media":13381,"comment_status":"open","ping_status":"open","sticky":false,"template":"","format":"standard","meta":[],"categories":[16],"tags":[],"_links":{"self":[{"href":"https:\/\/dgospel.com.br\/portal\/index.php\/wp-json\/wp\/v2\/posts\/13380"}],"collection":[{"href":"https:\/\/dgospel.com.br\/portal\/index.php\/wp-json\/wp\/v2\/posts"}],"about":[{"href":"https:\/\/dgospel.com.br\/portal\/index.php\/wp-json\/wp\/v2\/types\/post"}],"author":[{"embeddable":true,"href":"https:\/\/dgospel.com.br\/portal\/index.php\/wp-json\/wp\/v2\/users\/2"}],"replies":[{"embeddable":true,"href":"https:\/\/dgospel.com.br\/portal\/index.php\/wp-json\/wp\/v2\/comments?post=13380"}],"version-history":[{"count":1,"href":"https:\/\/dgospel.com.br\/portal\/index.php\/wp-json\/wp\/v2\/posts\/13380\/revisions"}],"predecessor-version":[{"id":13382,"href":"https:\/\/dgospel.com.br\/portal\/index.php\/wp-json\/wp\/v2\/posts\/13380\/revisions\/13382"}],"wp:featuredmedia":[{"embeddable":true,"href":"https:\/\/dgospel.com.br\/portal\/index.php\/wp-json\/wp\/v2\/media\/13381"}],"wp:attachment":[{"href":"https:\/\/dgospel.com.br\/portal\/index.php\/wp-json\/wp\/v2\/media?parent=13380"}],"wp:term":[{"taxonomy":"category","embeddable":true,"href":"https:\/\/dgospel.com.br\/portal\/index.php\/wp-json\/wp\/v2\/categories?post=13380"},{"taxonomy":"post_tag","embeddable":true,"href":"https:\/\/dgospel.com.br\/portal\/index.php\/wp-json\/wp\/v2\/tags?post=13380"}],"curies":[{"name":"wp","href":"https:\/\/api.w.org\/{rel}","templated":true}]}}