{"id":13386,"date":"2022-11-10T11:28:43","date_gmt":"2022-11-10T14:28:43","guid":{"rendered":"http:\/\/dgospel.com.br\/portal\/?p=13386"},"modified":"2022-11-10T11:28:45","modified_gmt":"2022-11-10T14:28:45","slug":"marco-feliciano-jose-genoino-e-a-perseguicao-a-igreja","status":"publish","type":"post","link":"https:\/\/dgospel.com.br\/portal\/index.php\/2022\/11\/10\/marco-feliciano-jose-genoino-e-a-perseguicao-a-igreja\/","title":{"rendered":"Marco Feliciano: Jos\u00e9 Geno\u00edno e a persegui\u00e7\u00e3o \u00e0 Igreja"},"content":{"rendered":"\n<p>Gra\u00e7as a Deus, n\u00f3s, evang\u00e9licos, temos um escudo divino que nos protege do inimigo e tamb\u00e9m nos d\u00e1 a gra\u00e7a de o inimigo n\u00e3o conseguir esconder suas artimanhas contra a Noiva do Cordeiro.<\/p>\n\n\n\n<p>Hoje quero lembrar da \u00faltima manifesta\u00e7\u00e3o de um l\u00edder petista que foi preso, em 1972, por uma patrulha do Ex\u00e9rcito Brasileiro com o codinome Geraldo e que passou cinco anos preso por atos terroristas. Esse mesmo homem foi preso novamente, em 2014, e condenado no processo do mensal\u00e3o do PT. Trata-se de Jos\u00e9 Genoino que j\u00e1 foi presidente do Partido dos Trabalhadores. Ele passou os \u00faltimos anos no ostracismo, e agora com a ascens\u00e3o de seu c\u00famplice\u00a0<a rel=\"noreferrer noopener\" href=\"https:\/\/pleno.news\/brasil\/jose-genoino-promete-retaliacao-contra-igrejas-no-governo-do-pt.html\" target=\"_blank\">se volta contra a Igreja, numa clara e vil persegui\u00e7\u00e3o religiosa<\/a>.<\/p>\n\n\n\n<p>O maligno \u00e9 t\u00e3o sutil\u2026 Mas tem uma cauda que deixa rastros\u2026<\/p>\n\n\n\n<p>Quando estes falam de como v\u00e3o tratar as igrejas evang\u00e9licas abordam com todas as letras o tema da tributa\u00e7\u00e3o; pois, sabem que o crescimento das igrejas se d\u00e1 pelo bom uso da isen\u00e7\u00e3o tribut\u00e1ria. O que se reverte na constru\u00e7\u00e3o de novos templos, proporcionando o avan\u00e7o exponencial do Evangelismo em nosso pa\u00eds, que se contrap\u00f5e ao marxismo ate\u00edsta pregado por esse comunista que sorrateiramente se coloca contra n\u00f3s, evang\u00e9licos, nos rotulando de fundamentalistas, com agress\u00f5es e afirma\u00e7\u00f5es que beiram aos extremos esquerdistas de St\u00e1lin, Castro e, mais recentemente, Daniel Ortega.<\/p>\n\n\n\n<p>Mas esse sujeito, Jos\u00e9 Genoino, que n\u00e3o tem curr\u00edculo e sim folha corrida, se arvora, neste momento delicado, de ide\u00f3logo para as rela\u00e7\u00f5es Igreja e Estado. Mas \u00e9 um p\u00e1ria nacional, ao qual somente esquerdistas radicais lhe d\u00e3o ouvidos, e os infiltrados em nossas universidades p\u00fablicas. No entanto, toda a frente parlamentar evang\u00e9lica forma uma barreira intranspon\u00edvel para esses \u00e1ulicos do comunismo que teimam em implementar em nosso pa\u00eds e por meio do foro de S\u00e3o Paulo, para toda Am\u00e9rica Latina, um comunismo assassino, no qual a morte de inocentes pavimenta seus demon\u00edacos caminhos.<\/p>\n\n\n\n<p>Finalizo agradecendo a Deus por nos mostrar a verdadeira face do maligno.<\/p>\n\n\n\n<figure class=\"wp-block-table\"><table><tbody><tr><td><strong><br>&#8220;Marco Feliciano<\/strong>\u00a0\u00e9 pastor e est\u00e1 em seu terceiro mandato consecutivo como deputado federal pelo Estado de S\u00e3o Paulo. Ele tamb\u00e9m \u00e9 escritor, cantor e presidente da Assembleia de Deus Minist\u00e9rio Catedral do Avivamento&#8221;.<\/td><\/tr><\/tbody><\/table><\/figure>\n","protected":false},"excerpt":{"rendered":"<p>Gra\u00e7as a Deus, n\u00f3s, evang\u00e9licos, temos um escudo divino que nos protege do inimigo e tamb\u00e9m nos d\u00e1 a gra\u00e7a de o inimigo n\u00e3o conseguir esconder suas artimanhas contra a Noiva do Cordeiro. Hoje quero lembrar da \u00faltima manifesta\u00e7\u00e3o de um l\u00edder petista que foi preso, em 1972, por uma patrulha do Ex\u00e9rcito Brasileiro com [&hellip;]<\/p>\n","protected":false},"author":2,"featured_media":13387,"comment_status":"open","ping_status":"open","sticky":false,"template":"","format":"standard","meta":[],"categories":[11],"tags":[],"_links":{"self":[{"href":"https:\/\/dgospel.com.br\/portal\/index.php\/wp-json\/wp\/v2\/posts\/13386"}],"collection":[{"href":"https:\/\/dgospel.com.br\/portal\/index.php\/wp-json\/wp\/v2\/posts"}],"about":[{"href":"https:\/\/dgospel.com.br\/portal\/index.php\/wp-json\/wp\/v2\/types\/post"}],"author":[{"embeddable":true,"href":"https:\/\/dgospel.com.br\/portal\/index.php\/wp-json\/wp\/v2\/users\/2"}],"replies":[{"embeddable":true,"href":"https:\/\/dgospel.com.br\/portal\/index.php\/wp-json\/wp\/v2\/comments?post=13386"}],"version-history":[{"count":1,"href":"https:\/\/dgospel.com.br\/portal\/index.php\/wp-json\/wp\/v2\/posts\/13386\/revisions"}],"predecessor-version":[{"id":13388,"href":"https:\/\/dgospel.com.br\/portal\/index.php\/wp-json\/wp\/v2\/posts\/13386\/revisions\/13388"}],"wp:featuredmedia":[{"embeddable":true,"href":"https:\/\/dgospel.com.br\/portal\/index.php\/wp-json\/wp\/v2\/media\/13387"}],"wp:attachment":[{"href":"https:\/\/dgospel.com.br\/portal\/index.php\/wp-json\/wp\/v2\/media?parent=13386"}],"wp:term":[{"taxonomy":"category","embeddable":true,"href":"https:\/\/dgospel.com.br\/portal\/index.php\/wp-json\/wp\/v2\/categories?post=13386"},{"taxonomy":"post_tag","embeddable":true,"href":"https:\/\/dgospel.com.br\/portal\/index.php\/wp-json\/wp\/v2\/tags?post=13386"}],"curies":[{"name":"wp","href":"https:\/\/api.w.org\/{rel}","templated":true}]}}