{"id":1340,"date":"2018-09-16T23:28:20","date_gmt":"2018-09-17T02:28:20","guid":{"rendered":"http:\/\/dgospel.com.br\/portal\/?p=1340"},"modified":"2018-09-16T23:28:20","modified_gmt":"2018-09-17T02:28:20","slug":"carlesse-garante-que-vai-melhorar-qualidade-de-vida-no-jalapao-com-infraestrutura-e-fortalecimento-da-cultura-e-do-turismo","status":"publish","type":"post","link":"https:\/\/dgospel.com.br\/portal\/index.php\/2018\/09\/16\/carlesse-garante-que-vai-melhorar-qualidade-de-vida-no-jalapao-com-infraestrutura-e-fortalecimento-da-cultura-e-do-turismo\/","title":{"rendered":"Carlesse garante que vai melhorar qualidade de vida no Jalap\u00e3o com infraestrutura e fortalecimento da cultura e do turismo"},"content":{"rendered":"<p>Ber\u00e7o do capim dourado, o Povoado do Mumbuca, comunidade quilombola localizada em Mateiros, regi\u00e3o do Jalap\u00e3o, recebeu neste s\u00e1bado, 15, a visita do Governador e candidato \u00e0 reelei\u00e7\u00e3o, Mauro Carlesse, da coliga\u00e7\u00e3o Governo de Atitude. Ele prestigiou a 10\u00aa edi\u00e7\u00e3o da Festa da Colheita do Capim Dourado, recebeu apoio dos moradores e refor\u00e7ou seu compromisso de transformar para melhor a vida das fam\u00edlias em todo o estado.<\/p>\n<p>&nbsp;<\/p>\n<p>Carlesse foi recebido com grande entusiasmo no povoado, visitou a loja de artesanatos, conheceu o rec\u00e9m-inaugurado Memorial do Mumbuca e conversou com os moradores e visitantes que participam da Festa da Colheita. Na oportunidade, o Governador foi homenageado com uma m\u00fasica exclusiva, composta pelo violeiro Maur\u00edcio Ribeiro, com sua tradicional viola de buriti.<\/p>\n<p>&nbsp;<\/p>\n<p>A presen\u00e7a de Mauro Carlesse na comunidade tamb\u00e9m refor\u00e7a o compromisso do Governador com o fortalecimento do turismo e da cultura tocantinense. O Jalap\u00e3o enfrenta grandes desafios, especialmente pela falta de infraestrutura. &#8220;\u00c9 uma situa\u00e7\u00e3o muito preocupante, porque a dificuldade de acesso, al\u00e9m de prejudicar o turismo, maltrata as pessoas que moram nessa regi\u00e3o. N\u00e3o tem como fechar os olhos para essa situa\u00e7\u00e3o, vamos encarar esse problema de frente&#8221;, destacou.<\/p>\n<p>&nbsp;<\/p>\n<p>Conversando com uma das figuras mais emblem\u00e1ticas do povoado, No\u00eamia Ribeiro da Silva, a Doutora, o Governador lembrou o importante papel que a comunidade representa, de levar a cultura do Tocantins para todo o Brasil e o exterior. &#8220;O que temos aqui \u00e9 de uma riqueza muito grande, motivo de orgulho para todos os tocantinenses. Tem que ser valorizado&#8221;, disse.<\/p>\n<p>&nbsp;<\/p>\n<p>Por sua vez, a Doutora enfatizou sua confian\u00e7a e da comunidade no projeto que Carlesse representa. &#8220;Foi uma surpresa para Mumbuca, porque a gente nem imaginava que o Governador viesse aqui e fosse fazer esse compromisso de sanar os problemas que n\u00f3s sentimos de perto aqui no Jalap\u00e3o&#8221;, disse. Sobre os motivos de confiar em Carlesse para esta miss\u00e3o, frisou: &#8220;O HGP acabou as filas no corredor, a sa\u00fade melhorou, o pagamento do povo melhorou, ent\u00e3o, \u00e9 sinal que ele \u00e9 um bom Governo&#8221;.<\/p>\n<p>&nbsp;<\/p>\n<p>O trabalho realizado pelo Governo Carlesse em prol da valoriza\u00e7\u00e3o cultural, foi destacado pelo presidente da Associa\u00e7\u00e3o dos Artes\u00e3os e do Mumbuca, Daumaciano Jos\u00e9 da Silva. Ainda segundo ele, o Governo tem dado grande contribui\u00e7\u00e3o, por meio de fiscaliza\u00e7\u00e3o, para garantir o manejo adequado do capim dourado, que resulta em preserva\u00e7\u00e3o.\u00a0\u00a0&#8220;Aqui, com o Naturatins [Instituto Natureza do Tocantins] e a Seden [Secretaria do Desenvolvimento Econ\u00f4mico, Ci\u00eancia, Tecnologia, Turismo e Cultura], a gente est\u00e1 fazendo uma parceria unida. O Naturatins est\u00e1 cuidando do nosso manejo e isso est\u00e1 indo muito bem&#8221;, considerou.<\/p>\n<p>&nbsp;<\/p>\n","protected":false},"excerpt":{"rendered":"<p>Ber\u00e7o do capim dourado, o Povoado do Mumbuca, comunidade quilombola localizada em Mateiros, regi\u00e3o do Jalap\u00e3o, recebeu neste s\u00e1bado, 15, a visita do Governador e candidato \u00e0 reelei\u00e7\u00e3o, Mauro Carlesse, da coliga\u00e7\u00e3o Governo de Atitude. Ele prestigiou a 10\u00aa edi\u00e7\u00e3o da Festa da Colheita do Capim Dourado, recebeu apoio dos moradores e refor\u00e7ou seu compromisso [&hellip;]<\/p>\n","protected":false},"author":2,"featured_media":1342,"comment_status":"open","ping_status":"open","sticky":false,"template":"","format":"standard","meta":[],"categories":[2,4],"tags":[],"_links":{"self":[{"href":"https:\/\/dgospel.com.br\/portal\/index.php\/wp-json\/wp\/v2\/posts\/1340"}],"collection":[{"href":"https:\/\/dgospel.com.br\/portal\/index.php\/wp-json\/wp\/v2\/posts"}],"about":[{"href":"https:\/\/dgospel.com.br\/portal\/index.php\/wp-json\/wp\/v2\/types\/post"}],"author":[{"embeddable":true,"href":"https:\/\/dgospel.com.br\/portal\/index.php\/wp-json\/wp\/v2\/users\/2"}],"replies":[{"embeddable":true,"href":"https:\/\/dgospel.com.br\/portal\/index.php\/wp-json\/wp\/v2\/comments?post=1340"}],"version-history":[{"count":1,"href":"https:\/\/dgospel.com.br\/portal\/index.php\/wp-json\/wp\/v2\/posts\/1340\/revisions"}],"predecessor-version":[{"id":1343,"href":"https:\/\/dgospel.com.br\/portal\/index.php\/wp-json\/wp\/v2\/posts\/1340\/revisions\/1343"}],"wp:featuredmedia":[{"embeddable":true,"href":"https:\/\/dgospel.com.br\/portal\/index.php\/wp-json\/wp\/v2\/media\/1342"}],"wp:attachment":[{"href":"https:\/\/dgospel.com.br\/portal\/index.php\/wp-json\/wp\/v2\/media?parent=1340"}],"wp:term":[{"taxonomy":"category","embeddable":true,"href":"https:\/\/dgospel.com.br\/portal\/index.php\/wp-json\/wp\/v2\/categories?post=1340"},{"taxonomy":"post_tag","embeddable":true,"href":"https:\/\/dgospel.com.br\/portal\/index.php\/wp-json\/wp\/v2\/tags?post=1340"}],"curies":[{"name":"wp","href":"https:\/\/api.w.org\/{rel}","templated":true}]}}