{"id":13409,"date":"2022-11-14T15:10:02","date_gmt":"2022-11-14T18:10:02","guid":{"rendered":"http:\/\/dgospel.com.br\/portal\/?p=13409"},"modified":"2022-11-14T15:10:03","modified_gmt":"2022-11-14T18:10:03","slug":"publico-do-gp-de-sao-paulo-da-f1-diz-que-lugar-de-lula-e-na-prisao","status":"publish","type":"post","link":"https:\/\/dgospel.com.br\/portal\/index.php\/2022\/11\/14\/publico-do-gp-de-sao-paulo-da-f1-diz-que-lugar-de-lula-e-na-prisao\/","title":{"rendered":"P\u00fablico do GP de S\u00e3o Paulo da F1 diz que lugar de Lula \u00e9 \u2018na pris\u00e3o\u2019"},"content":{"rendered":"\n<p>Parte do p\u00fablico que assistia ao Grande Pr\u00eamio de\u00a0<a rel=\"noreferrer noopener\" href=\"https:\/\/pleno.news\/tag\/sao-paulo\" target=\"_blank\">S\u00e3o Paulo<\/a>\u00a0da F\u00f3rmula 1, na tarde deste domingo (13), realizou um protesto contra o presidente eleito\u00a0<a rel=\"noreferrer noopener\" href=\"https:\/\/pleno.news\/tag\/lula\" target=\"_blank\">Luiz In\u00e1cio Lula da Silva<\/a>\u00a0(PT). Em determinado momento do evento, as pessoas que estavam presentes no Aut\u00f3dromo de Interlagos gritaram: \u201cLula ladr\u00e3o, seu lugar \u00e9 na pris\u00e3o\u201d.<\/p>\n\n\n\n<p>O GP de S\u00e3o Paulo de F\u00f3rmula 1 bateu recorde de p\u00fablico neste ano. Na soma dos tr\u00eas dias de atividades em Interlagos, 235.617 pessoas estiveram presentes para acompanhar a categoria m\u00e1xima do automobilismo mundial. A marca anterior foi obtida na temporada passada, quando 181.711 torcedores acompanharam o fim de semana de GP.<\/p>\n\n\n\n<p>A 50\u00aa edi\u00e7\u00e3o de um Grande Pr\u00eamio no Brasil terminou com a primeira vit\u00f3ria da carreira do brit\u00e2nico George Russell na F\u00f3rmula 1. O compatriota Lewis Hamilton ficou em segundo, marcando a primeira dobradinha da Mercedes na temporada. O espanhol Carlos Sainz Jr, da Ferrari, completou o p\u00f3dio.<\/p>\n\n\n\n<p><blockquote class=\"twitter-tweet\" data-width=\"550\" data-dnt=\"true\"><p lang=\"pt\" dir=\"ltr\">GP Interlagos agora. Algu\u00e9m acha que o Lula poder\u00e1 governar? <a href=\"https:\/\/t.co\/FewnYaq0GG\">pic.twitter.com\/FewnYaq0GG<\/a><\/p>&mdash; Bia Kicis (@Biakicis) <a href=\"https:\/\/twitter.com\/Biakicis\/status\/1591868993677438976?ref_src=twsrc%5Etfw\">November 13, 2022<\/a><\/blockquote><script async src=\"https:\/\/platform.twitter.com\/widgets.js\" charset=\"utf-8\"><\/script><\/p>\n","protected":false},"excerpt":{"rendered":"<p>Parte do p\u00fablico que assistia ao Grande Pr\u00eamio de\u00a0S\u00e3o Paulo\u00a0da F\u00f3rmula 1, na tarde deste domingo (13), realizou um protesto contra o presidente eleito\u00a0Luiz In\u00e1cio Lula da Silva\u00a0(PT). Em determinado momento do evento, as pessoas que estavam presentes no Aut\u00f3dromo de Interlagos gritaram: \u201cLula ladr\u00e3o, seu lugar \u00e9 na pris\u00e3o\u201d. O GP de S\u00e3o Paulo [&hellip;]<\/p>\n","protected":false},"author":2,"featured_media":13410,"comment_status":"open","ping_status":"open","sticky":false,"template":"","format":"standard","meta":[],"categories":[10],"tags":[],"_links":{"self":[{"href":"https:\/\/dgospel.com.br\/portal\/index.php\/wp-json\/wp\/v2\/posts\/13409"}],"collection":[{"href":"https:\/\/dgospel.com.br\/portal\/index.php\/wp-json\/wp\/v2\/posts"}],"about":[{"href":"https:\/\/dgospel.com.br\/portal\/index.php\/wp-json\/wp\/v2\/types\/post"}],"author":[{"embeddable":true,"href":"https:\/\/dgospel.com.br\/portal\/index.php\/wp-json\/wp\/v2\/users\/2"}],"replies":[{"embeddable":true,"href":"https:\/\/dgospel.com.br\/portal\/index.php\/wp-json\/wp\/v2\/comments?post=13409"}],"version-history":[{"count":1,"href":"https:\/\/dgospel.com.br\/portal\/index.php\/wp-json\/wp\/v2\/posts\/13409\/revisions"}],"predecessor-version":[{"id":13411,"href":"https:\/\/dgospel.com.br\/portal\/index.php\/wp-json\/wp\/v2\/posts\/13409\/revisions\/13411"}],"wp:featuredmedia":[{"embeddable":true,"href":"https:\/\/dgospel.com.br\/portal\/index.php\/wp-json\/wp\/v2\/media\/13410"}],"wp:attachment":[{"href":"https:\/\/dgospel.com.br\/portal\/index.php\/wp-json\/wp\/v2\/media?parent=13409"}],"wp:term":[{"taxonomy":"category","embeddable":true,"href":"https:\/\/dgospel.com.br\/portal\/index.php\/wp-json\/wp\/v2\/categories?post=13409"},{"taxonomy":"post_tag","embeddable":true,"href":"https:\/\/dgospel.com.br\/portal\/index.php\/wp-json\/wp\/v2\/tags?post=13409"}],"curies":[{"name":"wp","href":"https:\/\/api.w.org\/{rel}","templated":true}]}}