{"id":13415,"date":"2022-11-14T15:54:15","date_gmt":"2022-11-14T18:54:15","guid":{"rendered":"http:\/\/dgospel.com.br\/portal\/?p=13415"},"modified":"2022-11-14T15:54:16","modified_gmt":"2022-11-14T18:54:16","slug":"cop-27-governador-wanderlei-barbosa-destaca-necessidade-de-financiamento-internacional-para-a-preservacao-ambiental-no-tocantins","status":"publish","type":"post","link":"https:\/\/dgospel.com.br\/portal\/index.php\/2022\/11\/14\/cop-27-governador-wanderlei-barbosa-destaca-necessidade-de-financiamento-internacional-para-a-preservacao-ambiental-no-tocantins\/","title":{"rendered":"COP-27: Governador Wanderlei Barbosa destaca necessidade de financiamento internacional para a preserva\u00e7\u00e3o ambiental no Tocantins"},"content":{"rendered":"\n<p>Em painel da Confer\u00eancia da Organiza\u00e7\u00e3o das Na\u00e7\u00f5es Unidas (ONU) sobre as Mudan\u00e7as Clim\u00e1ticas &#8211; COP-27, no Egito, desta segunda-feira, 14, o governador Wanderlei Barbosa falou sobre a necessidade do financiamento internacional em projetos ambientais. \u201cO Tocantins quer ser refer\u00eancia em pol\u00edticas sustent\u00e1veis e para isso ocorrer, precisamos de parcerias\u201d, destacou. Al\u00e9m dele, estavam presentes no debate alguns governadores que s\u00e3o membros do Cons\u00f3rcio Interestadual da Amaz\u00f4nia Legal.<\/p>\n\n\n\n<p>\u201cPrecisa haver interesse das entidades mundiais. J\u00e1 temos projetos em andamento, com grupos querendo comercializar cr\u00e9dito de carbono tocantinense, mas precisamos evoluir mais. Essa preocupa\u00e7\u00e3o precisa ser de todos. Se n\u00e3o queremos que a temperatura do planeta aumente, temos que ter a preocupa\u00e7\u00e3o em ajudar os estados brasileiros\u201d, discursou Wanderlei para os governadores e outros representantes internacionais.<\/p>\n\n\n\n<p>O Governador tamb\u00e9m citou que o Estado do Tocantins \u00e9 campe\u00e3o em preserva\u00e7\u00e3o ambiental, onde possui nove \u00c1reas de Prote\u00e7\u00e3o Ambiental (APAs) e tr\u00eas parques estaduais. \u201cPropuseram diminuir essas \u00e1reas para aumentar o setor produtivo, mas o Governo tem sido resistente. O Governo do Tocantins tem tido o cuidado com o meio ambiente. Essa parceria com entidades mundiais \u00e9 para ajudar preservar\u201d, ressaltou.<\/p>\n\n\n\n<p>Wanderlei Barbosa mencionou, ainda, o cuidado do Governo do Tocantins com as reservas ind\u00edgenas e sua popula\u00e7\u00e3o, al\u00e9m do projeto Foco no Fogo, que tem o objetivo de conscientizar a popula\u00e7\u00e3o sobre os riscos e preju\u00edzos causados pelas queimadas irregulares. \u201cTemos dois per\u00edodos bem distintos no Tocantins: chuva e seca. E durante a seca, que dura entre agosto e outubro, temos que controlar as queimadas\u201d, explicou.<\/p>\n\n\n\n<p><strong>Palestra sobre Financiamento Clim\u00e1tico<\/strong><\/p>\n\n\n\n<p>O tema&nbsp;<em>Financiamento Clim\u00e1tico: o papel da coopera\u00e7\u00e3o internacional para o desenvolvimento de baixas emiss\u00f5es na Amaz\u00f4nia<\/em>&nbsp;foi discutido pelos governadores Gladson Cameli (AC), Mauro Mendes (MT), Helder Barbalho (PA); Wanderlei Barbosa (TO) e Marcos Rocha (RO), que fazem parte do Cons\u00f3rcio Interestadual Amaz\u00f4nia Legal, e representantes da Noruega, Reino Unido, Alemanha, entre outros pa\u00edses.<\/p>\n\n\n\n<p>Tamb\u00e9m participaram do evento a secret\u00e1ria de Estado do Meio Ambiente e Recursos H\u00eddricos, Miyuki Hyashida; a superintendente de Gest\u00e3o e Pol\u00edticas P\u00fablicas Ambientais, Marli dos Santos; a secret\u00e1ria-executiva da Secretari de Estado do Meio Ambiente e Recursos H\u00eddrico, Karynne Sotero Campos; o secret\u00e1rio de Estado da Governadoria, Jairo Mariano;\u00a0pelo secret\u00e1rio de Estado de Parcerias e Investimentos, Jos\u00e9 Humberto Pereira Muniz Filho; o presidente da Tocantins Parcerias, Aleandro Lacerda.<\/p>\n\n\n\n<p><img src=\"https:\/\/central.to.gov.br\/image\/308655?w=670&amp;h=383\"><\/p>\n\n\n\n<p>Governador Wanderlei Barbosa falou sobre a necessidade do financiamento internacional em projetos ambientais, em painel na COP-27 &#8211; Jo\u00e3o Di Pietro\/Governo do Tocantins<\/p>\n\n\n\n<p><img src=\"https:\/\/central.to.gov.br\/image\/308657?w=670&amp;h=383\"><\/p>\n\n\n\n<p>Governador Wanderlei Barbosa discursou\u00a0nesta segunda-feira, 14, em painel do Cons\u00f3rcio Interestadual Amaz\u00f4nia Legal, na COP-27 &#8211; Jo\u00e3o Di Pietro\/Governo do Tocantins\u00a0<\/p>\n\n\n\n<p><img src=\"https:\/\/central.to.gov.br\/image\/308658?w=670&amp;h=383\"><\/p>\n\n\n\n<p>Painel da Confer\u00eancia da Organiza\u00e7\u00e3o das Na\u00e7\u00f5es Unidas (ONU) sobre as Mudan\u00e7as Clim\u00e1ticas &#8211; COP-27, no Egito &#8211; Jo\u00e3o Di Pietro\/Governo do Tocantins\u00a0<\/p>\n\n\n\n<p><img src=\"https:\/\/central.to.gov.br\/image\/308659?w=670&amp;h=383\"><\/p>\n\n\n\n<p>Governador Wanderlei Barbosa tamb\u00e9m citou que o Estado do Tocantins \u00e9 campe\u00e3o em preserva\u00e7\u00e3o ambiental, onde possui nove \u00c1reas de Prote\u00e7\u00e3o Ambiental (APAs) e tr\u00eas parques estaduais &#8211; Jo\u00e3o Di Pietro\/Governo do Tocantins&nbsp;<\/p>\n","protected":false},"excerpt":{"rendered":"<p>Em painel da Confer\u00eancia da Organiza\u00e7\u00e3o das Na\u00e7\u00f5es Unidas (ONU) sobre as Mudan\u00e7as Clim\u00e1ticas &#8211; COP-27, no Egito, desta segunda-feira, 14, o governador Wanderlei Barbosa falou sobre a necessidade do financiamento internacional em projetos ambientais. \u201cO Tocantins quer ser refer\u00eancia em pol\u00edticas sustent\u00e1veis e para isso ocorrer, precisamos de parcerias\u201d, destacou. Al\u00e9m dele, estavam presentes [&hellip;]<\/p>\n","protected":false},"author":2,"featured_media":13416,"comment_status":"open","ping_status":"open","sticky":false,"template":"","format":"standard","meta":[],"categories":[3],"tags":[13],"_links":{"self":[{"href":"https:\/\/dgospel.com.br\/portal\/index.php\/wp-json\/wp\/v2\/posts\/13415"}],"collection":[{"href":"https:\/\/dgospel.com.br\/portal\/index.php\/wp-json\/wp\/v2\/posts"}],"about":[{"href":"https:\/\/dgospel.com.br\/portal\/index.php\/wp-json\/wp\/v2\/types\/post"}],"author":[{"embeddable":true,"href":"https:\/\/dgospel.com.br\/portal\/index.php\/wp-json\/wp\/v2\/users\/2"}],"replies":[{"embeddable":true,"href":"https:\/\/dgospel.com.br\/portal\/index.php\/wp-json\/wp\/v2\/comments?post=13415"}],"version-history":[{"count":1,"href":"https:\/\/dgospel.com.br\/portal\/index.php\/wp-json\/wp\/v2\/posts\/13415\/revisions"}],"predecessor-version":[{"id":13417,"href":"https:\/\/dgospel.com.br\/portal\/index.php\/wp-json\/wp\/v2\/posts\/13415\/revisions\/13417"}],"wp:featuredmedia":[{"embeddable":true,"href":"https:\/\/dgospel.com.br\/portal\/index.php\/wp-json\/wp\/v2\/media\/13416"}],"wp:attachment":[{"href":"https:\/\/dgospel.com.br\/portal\/index.php\/wp-json\/wp\/v2\/media?parent=13415"}],"wp:term":[{"taxonomy":"category","embeddable":true,"href":"https:\/\/dgospel.com.br\/portal\/index.php\/wp-json\/wp\/v2\/categories?post=13415"},{"taxonomy":"post_tag","embeddable":true,"href":"https:\/\/dgospel.com.br\/portal\/index.php\/wp-json\/wp\/v2\/tags?post=13415"}],"curies":[{"name":"wp","href":"https:\/\/api.w.org\/{rel}","templated":true}]}}