{"id":13418,"date":"2022-11-14T16:05:40","date_gmt":"2022-11-14T19:05:40","guid":{"rendered":"http:\/\/dgospel.com.br\/portal\/?p=13418"},"modified":"2022-11-14T16:05:41","modified_gmt":"2022-11-14T19:05:41","slug":"economia-brasileira-cresce-136-no-3o-trimestre-diz-previa-do-bc","status":"publish","type":"post","link":"https:\/\/dgospel.com.br\/portal\/index.php\/2022\/11\/14\/economia-brasileira-cresce-136-no-3o-trimestre-diz-previa-do-bc\/","title":{"rendered":"Economia brasileira cresce 1,36% no 3\u00ba trimestre, diz pr\u00e9via do BC"},"content":{"rendered":"\n<p>A economia brasileira avan\u00e7ou 1,36% no terceiro trimestre de 2022, na compara\u00e7\u00e3o com os tr\u00eas meses anteriores, de acordo com dados do&nbsp;<strong>IBC-Br (\u00cdndice de Atividade Econ\u00f4mica)<\/strong>, conhecido por sinalizar o desempenho do&nbsp;<strong>PIB (Produto Interno Bruto)<\/strong>, publicados nesta segunda-feira (14).<\/p>\n\n\n\n<p>O desempenho positivo da economia surge ap\u00f3s alta de 0,05% registrada no m\u00eas de setembro. Em julho,&nbsp;<a href=\"https:\/\/noticias.r7.com\/economia\/economia-brasileira-cresce-117-em-julho-mostra-previa-do-bc-15092022\"><strong>houve crescimento de 1,17% da atividade econ\u00f4mica<\/strong><\/a>, seguido de uma qu<a href=\"https:\/\/noticias.r7.com\/economia\/economia-brasileira-avanca-quase-3-em-2022-afirma-previa-do-bc-17102022\"><strong>eda de 1,13% apurada em agosto<\/strong><\/a>.<\/p>\n\n\n\n<p>Com a sequ\u00eancia de resultados, o indicador que prev\u00ea a soma de todos bens e servi\u00e7os produzidos no pa\u00eds\u00a0<strong>alcan\u00e7ou 144,01 pontos na s\u00e9rie dessazonalizada (livre de influ\u00eancias)<\/strong>, o maior n\u00edvel desde julho (145,62 pontos).<\/p>\n\n\n\n<p>Na compara\u00e7\u00e3o anual, o&nbsp;<strong>resultado do indicador \u00e9 4% superior ao apurado em setembro do ano passado<\/strong>&nbsp;e&nbsp;<strong>4,32% maior do que o do per\u00edodo compreendido entre os meses de julho e setembro de 2021<\/strong>, quando o IBC-Br fechou o trimestre aos&nbsp;138,64 pontos.&nbsp;<\/p>\n\n\n\n<p>O desempenho da atividade&nbsp;<strong>econ\u00f4mica nacional tem alta de 2,93% no acumulado dos nove primeiros meses deste ano<\/strong>&nbsp;e registra&nbsp;<strong>alta de 2,34% nos \u00faltimos 12 meses<\/strong>, de acordo com as informa\u00e7\u00f5es apresentadas pelo BC nesta segunda-feira.&nbsp;<\/p>\n\n\n\n<p>Os dados do IBC-Br s\u00e3o coletados de uma base similar \u00e0 do&nbsp;<strong>IBGE (Instituto Brasileiro de Geografia e Estat\u00edstica)<\/strong>, respons\u00e1vel pelo indicador oficial sobre o crescimento econ\u00f4mico, que ser\u00e1 divulgado no dia 1\u00ba de dezembro. No segundo trimestre, quando a&nbsp;<a href=\"https:\/\/noticias.r7.com\/economia\/economia-brasileira-cresce-12-no-2-trimestre-de-2022-mostra-ibge-01092022\"><strong>economia brasileira avan\u00e7ou 1,2%<\/strong><\/a>, a pr\u00e9via do BC sinalizou alta de 0,57% no mesmo per\u00edodo.<\/p>\n\n\n\n<ul><li><\/li><\/ul>\n","protected":false},"excerpt":{"rendered":"<p>A economia brasileira avan\u00e7ou 1,36% no terceiro trimestre de 2022, na compara\u00e7\u00e3o com os tr\u00eas meses anteriores, de acordo com dados do&nbsp;IBC-Br (\u00cdndice de Atividade Econ\u00f4mica), conhecido por sinalizar o desempenho do&nbsp;PIB (Produto Interno Bruto), publicados nesta segunda-feira (14). O desempenho positivo da economia surge ap\u00f3s alta de 0,05% registrada no m\u00eas de setembro. Em [&hellip;]<\/p>\n","protected":false},"author":2,"featured_media":13419,"comment_status":"open","ping_status":"open","sticky":false,"template":"","format":"standard","meta":[],"categories":[4],"tags":[],"_links":{"self":[{"href":"https:\/\/dgospel.com.br\/portal\/index.php\/wp-json\/wp\/v2\/posts\/13418"}],"collection":[{"href":"https:\/\/dgospel.com.br\/portal\/index.php\/wp-json\/wp\/v2\/posts"}],"about":[{"href":"https:\/\/dgospel.com.br\/portal\/index.php\/wp-json\/wp\/v2\/types\/post"}],"author":[{"embeddable":true,"href":"https:\/\/dgospel.com.br\/portal\/index.php\/wp-json\/wp\/v2\/users\/2"}],"replies":[{"embeddable":true,"href":"https:\/\/dgospel.com.br\/portal\/index.php\/wp-json\/wp\/v2\/comments?post=13418"}],"version-history":[{"count":1,"href":"https:\/\/dgospel.com.br\/portal\/index.php\/wp-json\/wp\/v2\/posts\/13418\/revisions"}],"predecessor-version":[{"id":13420,"href":"https:\/\/dgospel.com.br\/portal\/index.php\/wp-json\/wp\/v2\/posts\/13418\/revisions\/13420"}],"wp:featuredmedia":[{"embeddable":true,"href":"https:\/\/dgospel.com.br\/portal\/index.php\/wp-json\/wp\/v2\/media\/13419"}],"wp:attachment":[{"href":"https:\/\/dgospel.com.br\/portal\/index.php\/wp-json\/wp\/v2\/media?parent=13418"}],"wp:term":[{"taxonomy":"category","embeddable":true,"href":"https:\/\/dgospel.com.br\/portal\/index.php\/wp-json\/wp\/v2\/categories?post=13418"},{"taxonomy":"post_tag","embeddable":true,"href":"https:\/\/dgospel.com.br\/portal\/index.php\/wp-json\/wp\/v2\/tags?post=13418"}],"curies":[{"name":"wp","href":"https:\/\/api.w.org\/{rel}","templated":true}]}}